{"id":17263,"date":"2024-11-19T10:00:04","date_gmt":"2024-11-19T13:00:04","guid":{"rendered":"https:\/\/sindesvdf.com.br\/news\/?p=17263"},"modified":"2024-11-19T12:35:43","modified_gmt":"2024-11-19T15:35:43","slug":"comunicado-de-expediente-dia-da-consciencia-negra","status":"publish","type":"post","link":"https:\/\/sindesvdf.com.br\/news\/comunicado-de-expediente-dia-da-consciencia-negra\/","title":{"rendered":"Comunicado de Expediente: Dia da Consci\u00eancia Negra"},"content":{"rendered":"<p><img loading=\"lazy\" decoding=\"async\" class=\"aligncenter size-full wp-image-17265\" src=\"https:\/\/sindesvdf.com.br\/news\/wp-content\/uploads\/2024\/10\/20-11-24.jpg\" alt=\"\" width=\"700\" height=\"400\" srcset=\"https:\/\/sindesvdf.com.br\/news\/wp-content\/uploads\/2024\/10\/20-11-24.jpg 700w, https:\/\/sindesvdf.com.br\/news\/wp-content\/uploads\/2024\/10\/20-11-24-300x171.jpg 300w\" sizes=\"auto, (max-width: 700px) 100vw, 700px\" \/><\/p>\n<p><span style=\"font-size: 14pt;\">Informamos que, em raz\u00e3o do feriado nacional do Dia da Consci\u00eancia Negra, n\u00e3o haver\u00e1 expediente no Sindicato nesta quarta, 20 de novembro. Retornaremos \u00e0s atividades quinta-feira, dia 21 de novembro \u00e0s 7h da manh\u00e3.\u00a0<\/span><\/p>\n<p><em><span style=\"font-size: 14pt;\">Que o Dia da Consci\u00eancia Negra seja um marco na luta por igualdade e respeito.<\/span><\/em><\/p>\n<p class=\"wpf_wrapper\"><a class=\"print_link\" href=\"\" target=\"_blank\">Preparar para impress\u00e3o<\/a><\/p><!-- .wpf_wrapper -->","protected":false},"excerpt":{"rendered":"<p>Informamos que, em raz\u00e3o do feriado nacional do Dia da Consci\u00eancia Negra, n\u00e3o haver\u00e1 expediente no Sindicato nesta quarta, 20&hellip; <\/p>\n","protected":false},"author":4,"featured_media":17265,"comment_status":"closed","ping_status":"closed","sticky":false,"template":"","format":"standard","meta":{"footnotes":""},"categories":[101],"tags":[],"class_list":["post-17263","post","type-post","status-publish","format-standard","has-post-thumbnail","hentry","category-olho-vivo"],"jetpack_featured_media_url":"https:\/\/sindesvdf.com.br\/news\/wp-content\/uploads\/2024\/10\/20-11-24.jpg","_links":{"self":[{"href":"https:\/\/sindesvdf.com.br\/news\/wp-json\/wp\/v2\/posts\/17263","targetHints":{"allow":["GET"]}}],"collection":[{"href":"https:\/\/sindesvdf.com.br\/news\/wp-json\/wp\/v2\/posts"}],"about":[{"href":"https:\/\/sindesvdf.com.br\/news\/wp-json\/wp\/v2\/types\/post"}],"author":[{"embeddable":true,"href":"https:\/\/sindesvdf.com.br\/news\/wp-json\/wp\/v2\/users\/4"}],"replies":[{"embeddable":true,"href":"https:\/\/sindesvdf.com.br\/news\/wp-json\/wp\/v2\/comments?post=17263"}],"version-history":[{"count":4,"href":"https:\/\/sindesvdf.com.br\/news\/wp-json\/wp\/v2\/posts\/17263\/revisions"}],"predecessor-version":[{"id":17281,"href":"https:\/\/sindesvdf.com.br\/news\/wp-json\/wp\/v2\/posts\/17263\/revisions\/17281"}],"wp:featuredmedia":[{"embeddable":true,"href":"https:\/\/sindesvdf.com.br\/news\/wp-json\/wp\/v2\/media\/17265"}],"wp:attachment":[{"href":"https:\/\/sindesvdf.com.br\/news\/wp-json\/wp\/v2\/media?parent=17263"}],"wp:term":[{"taxonomy":"category","embeddable":true,"href":"https:\/\/sindesvdf.com.br\/news\/wp-json\/wp\/v2\/categories?post=17263"},{"taxonomy":"post_tag","embeddable":true,"href":"https:\/\/sindesvdf.com.br\/news\/wp-json\/wp\/v2\/tags?post=17263"}],"curies":[{"name":"wp","href":"https:\/\/api.w.org\/{rel}","templated":true}]}}