{"id":17287,"date":"2024-11-21T14:41:56","date_gmt":"2024-11-21T17:41:56","guid":{"rendered":"https:\/\/sindesvdf.com.br\/news\/?p=17287"},"modified":"2024-11-22T15:26:03","modified_gmt":"2024-11-22T18:26:03","slug":"campanha-salarial-2025-assembleia-regional","status":"publish","type":"post","link":"https:\/\/sindesvdf.com.br\/news\/campanha-salarial-2025-assembleia-regional\/","title":{"rendered":"Campanha Salarial 2025 \u2013 Assembleia Regional"},"content":{"rendered":"<p><img loading=\"lazy\" decoding=\"async\" class=\"aligncenter size-full wp-image-17288\" src=\"https:\/\/sindesvdf.com.br\/news\/wp-content\/uploads\/2024\/11\/assembleia-ceilandia24.png\" alt=\"\" width=\"700\" height=\"400\" srcset=\"https:\/\/sindesvdf.com.br\/news\/wp-content\/uploads\/2024\/11\/assembleia-ceilandia24.png 700w, https:\/\/sindesvdf.com.br\/news\/wp-content\/uploads\/2024\/11\/assembleia-ceilandia24-300x171.png 300w\" sizes=\"auto, (max-width: 700px) 100vw, 700px\" \/><\/p>\n<p><span style=\"font-size: 14pt;\">Aumento? S\u00f3 com muita luta e mobiliza\u00e7\u00e3o. Foi assim que con\u00adquistamos tudo o que temos. Com assembleias gigantescas que fa\u00adziam o patronato tremer e temer nossas greves. Hoje, nada mudou. Os patr\u00f5es s\u00f3 atendem nossas reivindica\u00e7\u00f5es se tiver muita press\u00e3o e muita participa\u00e7\u00e3o em todas as etapas da Campanha Salarial, seja nas assembleias gerais ou regionais. Ent\u00e3o, fiquem atentos e partici\u00adpem com muita disposi\u00e7\u00e3o de luta e a coragem que cada vigilante carrega dentro de si para o que der e vier.<\/span><\/p>\n<p><span style=\"font-size: 14pt;\">Vamos lutar tamb\u00e9m, pela manuten\u00e7\u00e3o das nossas conquistas e por cl\u00e1usulas que s\u00e3o muito caras para n\u00f3s como a da continuidade, a do plano de sa\u00fade e do odontol\u00f3gico, a do seguro de vida em grupo, a da jornada 12&#215;36, dentre tantas outras igualmente importantes.<\/span><\/p>\n<p><strong><span style=\"font-size: 14pt;\">Assembleia Regional em Ceil\u00e2ndia e cidades vizinhas<\/span><\/strong><br \/>\n<span style=\"font-size: 14pt;\"><strong>Dia:<\/strong> 23\/11\/24 \u2013 s\u00e1bado \u2013 \u00a009 horas da manh\u00e3<\/span><br \/>\n<span style=\"font-size: 14pt;\"><strong>Local:<\/strong> Brisa Tower Hotel St. N QNN 18 CONJUNTO A LOTES 02\/04 &#8211; Ceil\u00e2ndia &#8211; DF <\/span><\/p>\n<p><span style=\"font-size: 14pt;\">Confira nosso Olho Vivo aqui &gt;&gt; <a href=\"https:\/\/bit.ly\/2Pvu8Un\">https:\/\/bit.ly\/2Pvu8Un\u00a0<\/a><\/span><\/p>\n<p class=\"wpf_wrapper\"><a class=\"print_link\" href=\"\" target=\"_blank\">Preparar para impress\u00e3o<\/a><\/p><!-- .wpf_wrapper -->","protected":false},"excerpt":{"rendered":"<p>Aumento? S\u00f3 com muita luta e mobiliza\u00e7\u00e3o. Foi assim que con\u00adquistamos tudo o que temos. Com assembleias gigantescas que fa\u00adziam&hellip; <\/p>\n","protected":false},"author":4,"featured_media":17288,"comment_status":"closed","ping_status":"closed","sticky":false,"template":"","format":"standard","meta":{"footnotes":""},"categories":[101],"tags":[],"class_list":["post-17287","post","type-post","status-publish","format-standard","has-post-thumbnail","hentry","category-olho-vivo"],"jetpack_featured_media_url":"https:\/\/sindesvdf.com.br\/news\/wp-content\/uploads\/2024\/11\/assembleia-ceilandia24.png","_links":{"self":[{"href":"https:\/\/sindesvdf.com.br\/news\/wp-json\/wp\/v2\/posts\/17287","targetHints":{"allow":["GET"]}}],"collection":[{"href":"https:\/\/sindesvdf.com.br\/news\/wp-json\/wp\/v2\/posts"}],"about":[{"href":"https:\/\/sindesvdf.com.br\/news\/wp-json\/wp\/v2\/types\/post"}],"author":[{"embeddable":true,"href":"https:\/\/sindesvdf.com.br\/news\/wp-json\/wp\/v2\/users\/4"}],"replies":[{"embeddable":true,"href":"https:\/\/sindesvdf.com.br\/news\/wp-json\/wp\/v2\/comments?post=17287"}],"version-history":[{"count":6,"href":"https:\/\/sindesvdf.com.br\/news\/wp-json\/wp\/v2\/posts\/17287\/revisions"}],"predecessor-version":[{"id":17291,"href":"https:\/\/sindesvdf.com.br\/news\/wp-json\/wp\/v2\/posts\/17287\/revisions\/17291"}],"wp:featuredmedia":[{"embeddable":true,"href":"https:\/\/sindesvdf.com.br\/news\/wp-json\/wp\/v2\/media\/17288"}],"wp:attachment":[{"href":"https:\/\/sindesvdf.com.br\/news\/wp-json\/wp\/v2\/media?parent=17287"}],"wp:term":[{"taxonomy":"category","embeddable":true,"href":"https:\/\/sindesvdf.com.br\/news\/wp-json\/wp\/v2\/categories?post=17287"},{"taxonomy":"post_tag","embeddable":true,"href":"https:\/\/sindesvdf.com.br\/news\/wp-json\/wp\/v2\/tags?post=17287"}],"curies":[{"name":"wp","href":"https:\/\/api.w.org\/{rel}","templated":true}]}}