{"id":17295,"date":"2024-11-25T11:13:55","date_gmt":"2024-11-25T14:13:55","guid":{"rendered":"https:\/\/sindesvdf.com.br\/news\/?p=17295"},"modified":"2025-07-08T16:00:27","modified_gmt":"2025-07-08T19:00:27","slug":"hospital-anna-nery-agora-e-hospital-mantevida","status":"publish","type":"post","link":"https:\/\/sindesvdf.com.br\/news\/hospital-anna-nery-agora-e-hospital-mantevida\/","title":{"rendered":"Hospital Anna Nery agora \u00e9 Hospital Mantevida"},"content":{"rendered":"<p><img loading=\"lazy\" decoding=\"async\" class=\"aligncenter size-full wp-image-17296\" src=\"https:\/\/sindesvdf.com.br\/news\/wp-content\/uploads\/2024\/11\/mantevida.jpg\" alt=\"\" width=\"700\" height=\"400\" srcset=\"https:\/\/sindesvdf.com.br\/news\/wp-content\/uploads\/2024\/11\/mantevida.jpg 700w, https:\/\/sindesvdf.com.br\/news\/wp-content\/uploads\/2024\/11\/mantevida-300x171.jpg 300w\" sizes=\"auto, (max-width: 700px) 100vw, 700px\" \/><\/p>\n<p>&nbsp;<\/p>\n<p><strong><span style=\"font-size: 14pt;\">Aten\u00e7\u00e3o vigilantes usu\u00e1rios do Plano de Sa\u00fade!<\/span><\/strong><\/p>\n<p><span style=\"font-size: 14pt;\">Informamos que o Grupo Mantevida assumiu, dia 09\/11\/2024, o Hospital Anna Nery prometendo significativas melhorias no atendimento aos usu\u00e1rios.<br \/>\n<\/span><\/p>\n<div class=\"wDYxhc\" lang=\"pt-BR\" data-attrid=\"kc:\/location\/location:address\" data-md=\"1002\" data-hveid=\"CEUQAA\" data-ved=\"2ahUKEwjSz76g1feJAxWqILkGHfA2MeYQkCl6BAhFEAA\">\n<div class=\"Z1hOCe\">\n<div class=\"zloOqf PZPZlf\" data-dtype=\"d3ifr\" data-local-attribute=\"d3adr\" data-mid=\"\/g\/1tfgqgps\" data-ved=\"2ahUKEwjSz76g1feJAxWqILkGHfA2MeYQghwoAHoECEUQAQ\"><span style=\"font-size: 14pt;\"><span class=\"w8qArf FoJoyf\">Endere\u00e7o:\u00a0<\/span><span class=\"LrzXr\">QS 5 a 13 &#8211; Taguatinga, Bras\u00edlia &#8211; DF,\u00a0<\/span><\/span><\/div>\n<\/div>\n<\/div>\n<div class=\"wDYxhc\" lang=\"pt-BR\" data-attrid=\"kc:\/local:alt phone\" data-md=\"1006\" data-hveid=\"CEkQAA\" data-ved=\"2ahUKEwjSz76g1feJAxWqILkGHfA2MeYQkCl6BAhJEAA\">\n<div class=\"Z1hOCe\">\n<div class=\"zloOqf PZPZlf\" data-dtype=\"d3ifr\" data-local-attribute=\"d3ph\" data-ved=\"2ahUKEwjSz76g1feJAxWqILkGHfA2MeYQ8I0BKAB6BAhJEAE\"><span style=\"font-size: 14pt;\"><span class=\"w8qArf FoJoyf\">Telefone:\u00a0<\/span><span class=\"LrzXr zdqRlf kno-fv\"><span aria-label=\"Ligar para (61) 3574-9700\">(61) 3574-9700<\/span><\/span><\/span><\/div>\n<\/div>\n<\/div>\n<p><span style=\"font-size: 14pt;\">\u00a0<\/span><\/p>\n<p class=\"wpf_wrapper\"><a class=\"print_link\" href=\"\" target=\"_blank\">Preparar para impress\u00e3o<\/a><\/p><!-- .wpf_wrapper -->","protected":false},"excerpt":{"rendered":"<p>&nbsp; Aten\u00e7\u00e3o vigilantes usu\u00e1rios do Plano de Sa\u00fade! Informamos que o Grupo Mantevida assumiu, dia 09\/11\/2024, o Hospital Anna Nery&hellip; <\/p>\n","protected":false},"author":4,"featured_media":17296,"comment_status":"closed","ping_status":"closed","sticky":false,"template":"","format":"standard","meta":{"footnotes":""},"categories":[7,147],"tags":[],"class_list":["post-17295","post","type-post","status-publish","format-standard","has-post-thumbnail","hentry","category-noticias","category-saude"],"jetpack_featured_media_url":"https:\/\/sindesvdf.com.br\/news\/wp-content\/uploads\/2024\/11\/mantevida.jpg","_links":{"self":[{"href":"https:\/\/sindesvdf.com.br\/news\/wp-json\/wp\/v2\/posts\/17295","targetHints":{"allow":["GET"]}}],"collection":[{"href":"https:\/\/sindesvdf.com.br\/news\/wp-json\/wp\/v2\/posts"}],"about":[{"href":"https:\/\/sindesvdf.com.br\/news\/wp-json\/wp\/v2\/types\/post"}],"author":[{"embeddable":true,"href":"https:\/\/sindesvdf.com.br\/news\/wp-json\/wp\/v2\/users\/4"}],"replies":[{"embeddable":true,"href":"https:\/\/sindesvdf.com.br\/news\/wp-json\/wp\/v2\/comments?post=17295"}],"version-history":[{"count":2,"href":"https:\/\/sindesvdf.com.br\/news\/wp-json\/wp\/v2\/posts\/17295\/revisions"}],"predecessor-version":[{"id":17299,"href":"https:\/\/sindesvdf.com.br\/news\/wp-json\/wp\/v2\/posts\/17295\/revisions\/17299"}],"wp:featuredmedia":[{"embeddable":true,"href":"https:\/\/sindesvdf.com.br\/news\/wp-json\/wp\/v2\/media\/17296"}],"wp:attachment":[{"href":"https:\/\/sindesvdf.com.br\/news\/wp-json\/wp\/v2\/media?parent=17295"}],"wp:term":[{"taxonomy":"category","embeddable":true,"href":"https:\/\/sindesvdf.com.br\/news\/wp-json\/wp\/v2\/categories?post=17295"},{"taxonomy":"post_tag","embeddable":true,"href":"https:\/\/sindesvdf.com.br\/news\/wp-json\/wp\/v2\/tags?post=17295"}],"curies":[{"name":"wp","href":"https:\/\/api.w.org\/{rel}","templated":true}]}}