{"id":17308,"date":"2024-12-10T10:55:59","date_gmt":"2024-12-10T13:55:59","guid":{"rendered":"https:\/\/sindesvdf.com.br\/news\/?p=17308"},"modified":"2024-12-10T10:55:59","modified_gmt":"2024-12-10T13:55:59","slug":"vigilantes-da-multserv-que-prestam-servico-no-parque-ecologico-de-santa-maria-sao-assaltados-e-espancados","status":"publish","type":"post","link":"https:\/\/sindesvdf.com.br\/news\/vigilantes-da-multserv-que-prestam-servico-no-parque-ecologico-de-santa-maria-sao-assaltados-e-espancados\/","title":{"rendered":"Vigilantes da Multserv que prestam servi\u00e7o no Parque Ecol\u00f3gico de Santa Maria s\u00e3o assaltados e espancados"},"content":{"rendered":"<p><img loading=\"lazy\" decoding=\"async\" class=\"aligncenter size-full wp-image-17309\" src=\"https:\/\/sindesvdf.com.br\/news\/wp-content\/uploads\/2024\/12\/MULTSERV-.jpeg\" alt=\"\" width=\"700\" height=\"400\" srcset=\"https:\/\/sindesvdf.com.br\/news\/wp-content\/uploads\/2024\/12\/MULTSERV-.jpeg 700w, https:\/\/sindesvdf.com.br\/news\/wp-content\/uploads\/2024\/12\/MULTSERV--300x171.jpeg 300w\" sizes=\"auto, (max-width: 700px) 100vw, 700px\" \/><\/p>\n<p><span style=\"font-size: 14pt;\">No dia 05 de dezembro de 2024, por volta das 22 horas, dois vigilantes, j\u00e1 com os port\u00f5es fechados do Parque Ecol\u00f3gico de Santa Maria-DF, foram fazer uma ronda e viram tr\u00eas elementos agachados. Acreditando que se tratava de usu\u00e1rios de drogas que haviam pulado o port\u00e3o, os vigilantes se aproximaram e logo tiveram uma arma apontada para eles, lembrando que os vigilantes n\u00e3o estavam armados.<\/span><\/p>\n<p><span style=\"font-size: 14pt;\">Ali mesmo eles come\u00e7aram a ser espancados com uma tonfa (cassetetes) e levados at\u00e9 a guarita que foi arrombada pelos indiv\u00edduos e os vigilantes foram amarrados, sofrendo ainda novas agress\u00f5es. Os bandidos procuravam armas de fogo, mas n\u00e3o encontraram e levaram armas n\u00e3o letais como spray de pimenta e outras. Um dos vigilantes teve o seu carro roubado e a m\u00e3e de um deles passou mal diante da situa\u00e7\u00e3o e encontra-se em uma UTI.<\/span><\/p>\n<p><span style=\"font-size: 14pt;\">Traumatizados os vigilantes queriam mudar de posto mas a empresa recusou, al\u00e9m de n\u00e3o dar apoio. Diante disso, a dire\u00e7\u00e3o do SINDICATO DOS VIGILANTES DO DF entrou em contato com a dire\u00e7\u00e3o da Empresa e, mais uma vez, recusaram mudar os vigilantes de posto de servi\u00e7o em uma atitude fria e desrespeitosa diante do sofrimento e dos ferimentos que sofreram. Por isso, a dire\u00e7\u00e3o do SINDESV-DF repudia veementemente a atitude da MultServ.<\/span><\/p>\n<p><span style=\"font-size: 14pt;\">Encaminhamos esta den\u00fancia \u00e0 imprensa para que toda a sociedade veja o tratamento desumano dado por certas empresas aos seus empregados.<\/span><\/p>\n<p class=\"wpf_wrapper\"><a class=\"print_link\" href=\"\" target=\"_blank\">Preparar para impress\u00e3o<\/a><\/p><!-- .wpf_wrapper -->","protected":false},"excerpt":{"rendered":"<p>No dia 05 de dezembro de 2024, por volta das 22 horas, dois vigilantes, j\u00e1 com os port\u00f5es fechados do&hellip; <\/p>\n","protected":false},"author":4,"featured_media":17309,"comment_status":"closed","ping_status":"closed","sticky":false,"template":"","format":"standard","meta":{"footnotes":""},"categories":[],"tags":[],"class_list":["post-17308","post","type-post","status-publish","format-standard","has-post-thumbnail","hentry"],"jetpack_featured_media_url":"https:\/\/sindesvdf.com.br\/news\/wp-content\/uploads\/2024\/12\/MULTSERV-.jpeg","_links":{"self":[{"href":"https:\/\/sindesvdf.com.br\/news\/wp-json\/wp\/v2\/posts\/17308","targetHints":{"allow":["GET"]}}],"collection":[{"href":"https:\/\/sindesvdf.com.br\/news\/wp-json\/wp\/v2\/posts"}],"about":[{"href":"https:\/\/sindesvdf.com.br\/news\/wp-json\/wp\/v2\/types\/post"}],"author":[{"embeddable":true,"href":"https:\/\/sindesvdf.com.br\/news\/wp-json\/wp\/v2\/users\/4"}],"replies":[{"embeddable":true,"href":"https:\/\/sindesvdf.com.br\/news\/wp-json\/wp\/v2\/comments?post=17308"}],"version-history":[{"count":2,"href":"https:\/\/sindesvdf.com.br\/news\/wp-json\/wp\/v2\/posts\/17308\/revisions"}],"predecessor-version":[{"id":17311,"href":"https:\/\/sindesvdf.com.br\/news\/wp-json\/wp\/v2\/posts\/17308\/revisions\/17311"}],"wp:featuredmedia":[{"embeddable":true,"href":"https:\/\/sindesvdf.com.br\/news\/wp-json\/wp\/v2\/media\/17309"}],"wp:attachment":[{"href":"https:\/\/sindesvdf.com.br\/news\/wp-json\/wp\/v2\/media?parent=17308"}],"wp:term":[{"taxonomy":"category","embeddable":true,"href":"https:\/\/sindesvdf.com.br\/news\/wp-json\/wp\/v2\/categories?post=17308"},{"taxonomy":"post_tag","embeddable":true,"href":"https:\/\/sindesvdf.com.br\/news\/wp-json\/wp\/v2\/tags?post=17308"}],"curies":[{"name":"wp","href":"https:\/\/api.w.org\/{rel}","templated":true}]}}