{"id":17328,"date":"2024-12-23T21:00:26","date_gmt":"2024-12-24T00:00:26","guid":{"rendered":"https:\/\/sindesvdf.com.br\/news\/?p=17328"},"modified":"2024-12-26T13:54:06","modified_gmt":"2024-12-26T16:54:06","slug":"vigilantes-inclusive-reservas-que-eram-da-ipanema-e-prestam-servico-na-ses-df-pagamento-vai-sair-assim-que-a-liminar-for-cumprida-e-o-credito-depositado-na-conta-do-sindicato","status":"publish","type":"post","link":"https:\/\/sindesvdf.com.br\/news\/vigilantes-inclusive-reservas-que-eram-da-ipanema-e-prestam-servico-na-ses-df-pagamento-vai-sair-assim-que-a-liminar-for-cumprida-e-o-credito-depositado-na-conta-do-sindicato\/","title":{"rendered":"Vigilantes, inclusive reservas, que eram da Ipanema e prestam servi\u00e7o na SES\/DF pagamento vai sair assim que a liminar for cumprida e o cr\u00e9dito depositado na conta do Sindicato"},"content":{"rendered":"<p><img loading=\"lazy\" decoding=\"async\" class=\"aligncenter size-full wp-image-17329\" src=\"https:\/\/sindesvdf.com.br\/news\/wp-content\/uploads\/2024\/12\/Ipanema-pgto.jpg\" alt=\"\" width=\"700\" height=\"400\" srcset=\"https:\/\/sindesvdf.com.br\/news\/wp-content\/uploads\/2024\/12\/Ipanema-pgto.jpg 700w, https:\/\/sindesvdf.com.br\/news\/wp-content\/uploads\/2024\/12\/Ipanema-pgto-300x171.jpg 300w\" sizes=\"auto, (max-width: 700px) 100vw, 700px\" \/><\/p>\n<p><span style=\"font-size: 14pt;\">A dire\u00e7\u00e3o do SINDESV-DF sabe que a falta de pagamento gera um grande transtorno para o vigilante e sua fam\u00edlia. Felizmente, o contrato da Ipanema foi encerrado e uma nova empresa assumiu e acreditamos que os atrasos de pagamento, bem como outros benef\u00edcios, ficar\u00e3o no passado.<\/span><\/p>\n<p><span style=\"font-size: 14pt;\">A Ipanema deixou sal\u00e1rios atrasados, entre outros pagamentos, o jur\u00eddico do SINDESV-DF como \u00e9 do conhecimento de todos, no in\u00edcio do m\u00eas de dezembro de 2024, ajuizou tr\u00eas a\u00e7\u00f5es trabalhistas, com pedido de liminar, para que fossem bloqueados os valores das empresas inadimplentes que prestavam servi\u00e7os \u00e0 Secretaria de Sa\u00fade do Distrito Federal.<\/span><\/p>\n<p><span style=\"font-size: 14pt;\">No entanto, n\u00e3o houve tempo h\u00e1bil para cumprir as liminares, dado o recesso de final de ano que ocorre no Judici\u00e1rio trabalhista.<\/span><\/p>\n<p><span style=\"font-size: 14pt;\">No caso da empresa IPANEMA SEGURAN\u00c7A o Juiz determinou fosse expedido Mandado Judicial para que o dinheiro fosse depositado na conta do SINDESV, mas o mandado judicial at\u00e9 agora n\u00e3o foi cumprido, raz\u00e3o pela qual a Secretaria de sa\u00fade ainda n\u00e3o foi intimada e, portanto, n\u00e3o encaminhou o dinheiro.<\/span><\/p>\n<p><span style=\"font-size: 14pt;\">A DIRE\u00c7\u00c3O DO SINDESV-DF, JUNTAMENTE COM O SEU JUR\u00cdDICO, EST\u00c1 DE PLANT\u00c3O PERMANENTE PARA QUE O MANDADO SEJA EXPEDIDO O MAIS R\u00c1PIDO POSS\u00cdVEL.<\/span><\/p>\n<p><span style=\"font-size: 14pt;\">Apesar do recesso do judici\u00e1rio, t\u00eam plantonistas e acreditamos que a Secretaria de Sa\u00fade do DF ser\u00e1 intimada em breve. Estamos desenvolvendo todos os esfor\u00e7os para abreviar o pagamento de todos, mas \u00e9 necess\u00e1rio aguardar porque estamos na depend\u00eancia da Justi\u00e7a e da Secretaria da sa\u00fade.<\/span><\/p>\n<p class=\"wpf_wrapper\"><a class=\"print_link\" href=\"\" target=\"_blank\">Preparar para impress\u00e3o<\/a><\/p><!-- .wpf_wrapper -->","protected":false},"excerpt":{"rendered":"<p>A dire\u00e7\u00e3o do SINDESV-DF sabe que a falta de pagamento gera um grande transtorno para o vigilante e sua fam\u00edlia.&hellip; <\/p>\n","protected":false},"author":4,"featured_media":17329,"comment_status":"closed","ping_status":"closed","sticky":false,"template":"","format":"standard","meta":{"footnotes":""},"categories":[101],"tags":[],"class_list":["post-17328","post","type-post","status-publish","format-standard","has-post-thumbnail","hentry","category-olho-vivo"],"jetpack_featured_media_url":"https:\/\/sindesvdf.com.br\/news\/wp-content\/uploads\/2024\/12\/Ipanema-pgto.jpg","_links":{"self":[{"href":"https:\/\/sindesvdf.com.br\/news\/wp-json\/wp\/v2\/posts\/17328","targetHints":{"allow":["GET"]}}],"collection":[{"href":"https:\/\/sindesvdf.com.br\/news\/wp-json\/wp\/v2\/posts"}],"about":[{"href":"https:\/\/sindesvdf.com.br\/news\/wp-json\/wp\/v2\/types\/post"}],"author":[{"embeddable":true,"href":"https:\/\/sindesvdf.com.br\/news\/wp-json\/wp\/v2\/users\/4"}],"replies":[{"embeddable":true,"href":"https:\/\/sindesvdf.com.br\/news\/wp-json\/wp\/v2\/comments?post=17328"}],"version-history":[{"count":2,"href":"https:\/\/sindesvdf.com.br\/news\/wp-json\/wp\/v2\/posts\/17328\/revisions"}],"predecessor-version":[{"id":17334,"href":"https:\/\/sindesvdf.com.br\/news\/wp-json\/wp\/v2\/posts\/17328\/revisions\/17334"}],"wp:featuredmedia":[{"embeddable":true,"href":"https:\/\/sindesvdf.com.br\/news\/wp-json\/wp\/v2\/media\/17329"}],"wp:attachment":[{"href":"https:\/\/sindesvdf.com.br\/news\/wp-json\/wp\/v2\/media?parent=17328"}],"wp:term":[{"taxonomy":"category","embeddable":true,"href":"https:\/\/sindesvdf.com.br\/news\/wp-json\/wp\/v2\/categories?post=17328"},{"taxonomy":"post_tag","embeddable":true,"href":"https:\/\/sindesvdf.com.br\/news\/wp-json\/wp\/v2\/tags?post=17328"}],"curies":[{"name":"wp","href":"https:\/\/api.w.org\/{rel}","templated":true}]}}