{"id":17341,"date":"2025-01-03T17:00:27","date_gmt":"2025-01-03T20:00:27","guid":{"rendered":"https:\/\/sindesvdf.com.br\/news\/?p=17341"},"modified":"2025-01-06T08:49:03","modified_gmt":"2025-01-06T11:49:03","slug":"vigilantes-que-eram-da-ipanema-e-prestam-servico-na-ses-df-sindicato-nao-convocou-ato-em-frente-a-secretaria-de-saude","status":"publish","type":"post","link":"https:\/\/sindesvdf.com.br\/news\/vigilantes-que-eram-da-ipanema-e-prestam-servico-na-ses-df-sindicato-nao-convocou-ato-em-frente-a-secretaria-de-saude\/","title":{"rendered":"Vigilantes que eram da Ipanema e prestam servi\u00e7o na SES\/DF: Sindicato n\u00e3o convocou ato em frente \u00e0 Secretaria de Sa\u00fade."},"content":{"rendered":"<figure id=\"attachment_17342\" aria-describedby=\"caption-attachment-17342\" style=\"width: 700px\" class=\"wp-caption aligncenter\"><img loading=\"lazy\" decoding=\"async\" class=\"wp-image-17342 size-full\" src=\"https:\/\/sindesvdf.com.br\/news\/wp-content\/uploads\/2025\/01\/ATO.jpg\" alt=\"\" width=\"700\" height=\"400\" srcset=\"https:\/\/sindesvdf.com.br\/news\/wp-content\/uploads\/2025\/01\/ATO.jpg 700w, https:\/\/sindesvdf.com.br\/news\/wp-content\/uploads\/2025\/01\/ATO-300x171.jpg 300w\" sizes=\"auto, (max-width: 700px) 100vw, 700px\" \/><figcaption id=\"caption-attachment-17342\" class=\"wp-caption-text\">Sindicato est\u00e1 trabalhando e perto de resolver a situa\u00e7\u00e3o dos pagamentos de sal\u00e1rios atrasados<\/figcaption><\/figure>\n<p><span style=\"font-size: 14pt;\">Pessoas que querem se aproveitar e anonimamente convocam atos, n\u00e3o querem o bem do vigilante, apenas expor uma categoria que est\u00e1 sofrendo por conta da irresponsabilidade da Ipanema.<\/span><\/p>\n<p><span style=\"font-size: 14pt;\">Todas as provid\u00eancias para resolver esses pagamentos, j\u00e1 foram tomadas pela dire\u00e7\u00e3o do Sindicato e na pr\u00f3xima semana, possivelmente estaremos com os recursos para o pagamento dos sal\u00e1rios atrasados, conforme a Secretaria de Sa\u00fade afirmou. Esses recursos ser\u00e3o depositados na conta do SINDESV-DF que far\u00e1 o pagamento diretamente aos vigilantes que eram da Ipanema.<\/span><\/p>\n<p><span style=\"font-size: 14pt;\">Quanto \u00e0s verbas rescis\u00f3rias, entraremos com a\u00e7\u00e3o na Justi\u00e7a para reaver o que \u00e9 de direito dos vigilantes.<\/span><\/p>\n<p><span style=\"font-size: 14pt;\">Neste momento, o ato n\u00e3o resolver\u00e1 absolutamente nada, ao contr\u00e1rio, levar\u00e1 o trabalhador ao desgaste f\u00edsico e emocional. Importante lembrar que sempre defendemos e vamos defender a uni\u00e3o e a mobiliza\u00e7\u00e3o da categoria, mas, n\u00e3o neste caso que est\u00e1 caminhando para uma solu\u00e7\u00e3o.<\/span><\/p>\n<p><span style=\"font-size: 14pt;\"><strong>AOS VIGILANTES DA AVAL E DA VISAN<\/strong><\/span><\/p>\n<p><span style=\"font-size: 14pt;\">Estamos aguardando uma decis\u00e3o judicial e t\u00e3o logo a Justi\u00e7a se manifeste, comunicaremos aos vigilantes dessas duas Empresas (Aval e Visan).<\/span><\/p>\n<p class=\"wpf_wrapper\"><a class=\"print_link\" href=\"\" target=\"_blank\">Preparar para impress\u00e3o<\/a><\/p><!-- .wpf_wrapper -->","protected":false},"excerpt":{"rendered":"<p>Pessoas que querem se aproveitar e anonimamente convocam atos, n\u00e3o querem o bem do vigilante, apenas expor uma categoria que&hellip; <\/p>\n","protected":false},"author":4,"featured_media":17342,"comment_status":"closed","ping_status":"closed","sticky":false,"template":"","format":"standard","meta":{"footnotes":""},"categories":[101],"tags":[],"class_list":["post-17341","post","type-post","status-publish","format-standard","has-post-thumbnail","hentry","category-olho-vivo"],"jetpack_featured_media_url":"https:\/\/sindesvdf.com.br\/news\/wp-content\/uploads\/2025\/01\/ATO.jpg","_links":{"self":[{"href":"https:\/\/sindesvdf.com.br\/news\/wp-json\/wp\/v2\/posts\/17341","targetHints":{"allow":["GET"]}}],"collection":[{"href":"https:\/\/sindesvdf.com.br\/news\/wp-json\/wp\/v2\/posts"}],"about":[{"href":"https:\/\/sindesvdf.com.br\/news\/wp-json\/wp\/v2\/types\/post"}],"author":[{"embeddable":true,"href":"https:\/\/sindesvdf.com.br\/news\/wp-json\/wp\/v2\/users\/4"}],"replies":[{"embeddable":true,"href":"https:\/\/sindesvdf.com.br\/news\/wp-json\/wp\/v2\/comments?post=17341"}],"version-history":[{"count":2,"href":"https:\/\/sindesvdf.com.br\/news\/wp-json\/wp\/v2\/posts\/17341\/revisions"}],"predecessor-version":[{"id":17344,"href":"https:\/\/sindesvdf.com.br\/news\/wp-json\/wp\/v2\/posts\/17341\/revisions\/17344"}],"wp:featuredmedia":[{"embeddable":true,"href":"https:\/\/sindesvdf.com.br\/news\/wp-json\/wp\/v2\/media\/17342"}],"wp:attachment":[{"href":"https:\/\/sindesvdf.com.br\/news\/wp-json\/wp\/v2\/media?parent=17341"}],"wp:term":[{"taxonomy":"category","embeddable":true,"href":"https:\/\/sindesvdf.com.br\/news\/wp-json\/wp\/v2\/categories?post=17341"},{"taxonomy":"post_tag","embeddable":true,"href":"https:\/\/sindesvdf.com.br\/news\/wp-json\/wp\/v2\/tags?post=17341"}],"curies":[{"name":"wp","href":"https:\/\/api.w.org\/{rel}","templated":true}]}}