{"id":17345,"date":"2025-01-06T16:41:50","date_gmt":"2025-01-06T19:41:50","guid":{"rendered":"https:\/\/sindesvdf.com.br\/news\/?p=17345"},"modified":"2025-01-06T16:43:35","modified_gmt":"2025-01-06T19:43:35","slug":"informe-do-juridico-do-sindesv-df-acerca-de-acoes-judiciais-contra-as-empresas-ipanema-aval-e-visan","status":"publish","type":"post","link":"https:\/\/sindesvdf.com.br\/news\/informe-do-juridico-do-sindesv-df-acerca-de-acoes-judiciais-contra-as-empresas-ipanema-aval-e-visan\/","title":{"rendered":"Informe do Jur\u00eddico do SINDESV-DF acerca de a\u00e7\u00f5es judiciais contra as empresas Ipanema, Aval e Visan"},"content":{"rendered":"<p>&nbsp;<\/p>\n<figure id=\"attachment_17347\" aria-describedby=\"caption-attachment-17347\" style=\"width: 700px\" class=\"wp-caption aligncenter\"><img loading=\"lazy\" decoding=\"async\" class=\"wp-image-17347 size-full\" src=\"https:\/\/sindesvdf.com.br\/news\/wp-content\/uploads\/2025\/01\/juridicosind.jpg\" alt=\"\" width=\"700\" height=\"400\" srcset=\"https:\/\/sindesvdf.com.br\/news\/wp-content\/uploads\/2025\/01\/juridicosind.jpg 700w, https:\/\/sindesvdf.com.br\/news\/wp-content\/uploads\/2025\/01\/juridicosind-300x171.jpg 300w\" sizes=\"auto, (max-width: 700px) 100vw, 700px\" \/><figcaption id=\"caption-attachment-17347\" class=\"wp-caption-text\">O Jur\u00eddico do Sindesv-DF est\u00e1 atuando em a\u00e7\u00f5es judiciais contra as empresas Ipanema, Aval e Visan, buscando garantir os direitos dos vigilantes que prestam servi\u00e7o na SES\/DF<\/figcaption><\/figure>\n<p><strong><span style=\"font-size: 14pt;\">VISAN- PROCESSO EM ANDAMENTO.<\/span><\/strong><\/p>\n<p><span style=\"font-size: 14pt;\">Antes de determinar a transfer\u00eancia dos valores que o SINDESV-DF pediu, o Juiz da causa intimou a Secretaria de Sa\u00fade para que ela informe os valores que a empresa possui de cr\u00e9dito pelos servi\u00e7os prestados at\u00e9 a data da rescis\u00e3o contratual.<\/span><\/p>\n<p><span style=\"font-size: 14pt;\">A ordem foi dada, mas ainda n\u00e3o foi expedido o Mandado Judicial para intimar a Secretaria de Sa\u00fade. O Juiz incluiu o Distrito Federal (Secretaria de Sa\u00fade) como r\u00e9u no processo, portanto, acreditamos que assim que for citada, ela apressar\u00e1 os procedimentos.<\/span><\/p>\n<p><span style=\"font-size: 14pt;\">O recesso no judici\u00e1rio tem atrapalhado muito o andamento do processo, mas acreditamos num resultado positivo em breve.<\/span><\/p>\n<p><span style=\"font-size: 14pt;\">Lembramos que este processo se refere apenas aos sal\u00e1rios retidos.<\/span><\/p>\n<p><strong><span style=\"font-size: 14pt;\">VISAN VERBAS RESCIS\u00d3RIAS.<\/span><\/strong><\/p>\n<p><span style=\"font-size: 14pt;\">J\u00e1 est\u00e1 na fase final de elabora\u00e7\u00e3o outro processo contra a VISAN, desta vez para receber as verbas rescis\u00f3rias.<\/span><\/p>\n<p><strong><span style=\"font-size: 14pt;\">IPANEMA<\/span><\/strong><\/p>\n<p><span style=\"font-size: 14pt;\">Neste processo, j\u00e1 est\u00e1 tudo pronto, s\u00f3 aguardando a Secretaria de Sa\u00fade transferir o dinheiro na conta do SINDESV-DF para efetuarmos o pagamento. A expectativa \u00e9 de que na semana que entra teremos boas not\u00edcias.<\/span><\/p>\n<p><span style=\"font-size: 14pt;\">Tamb\u00e9m j\u00e1 estamos preparando nova a\u00e7\u00e3o para pagamento das verbas rescis\u00f3rias e f\u00e9rias.<\/span><\/p>\n<p><strong><span style=\"font-size: 14pt;\">AVAL<\/span><\/strong><\/p>\n<p><span style=\"font-size: 14pt;\">O Juiz j\u00e1 concedeu a liminar, j\u00e1 expediu o Mandado judicial, a Secretaria de Sa\u00fade j\u00e1 foi intimada para liberar o dinheiro e aguardamos apenas a burocracia da Secretaria de Sa\u00fade para enviar o dinheiro. N\u00e3o deve demorar, j\u00e1 que os recessos de final de ano do GDF j\u00e1 acabaram.<\/span><\/p>\n<p><strong><span style=\"font-size: 14pt;\">MUITO TRABALHO<\/span><\/strong><\/p>\n<p><span style=\"font-size: 14pt;\">O sindicato tem feito gest\u00e3o em tempo integral junto \u00e0 Justi\u00e7a do Trabalho e junto \u00e0 Secretaria de Sa\u00fade para agilizarmos o pagamento dos vigilantes, pais e m\u00e3es de fam\u00edlia, mas entraves burocr\u00e1ticos, juntamente com o recesso de fim de ano dificultou nossa atua\u00e7\u00e3o.<\/span><\/p>\n<p><span style=\"font-size: 14pt;\">Vamos manter os vigilantes informados sempre que houver novidades.<\/span><\/p>\n<p class=\"wpf_wrapper\"><a class=\"print_link\" href=\"\" target=\"_blank\">Preparar para impress\u00e3o<\/a><\/p><!-- .wpf_wrapper -->","protected":false},"excerpt":{"rendered":"<p>&nbsp; VISAN- PROCESSO EM ANDAMENTO. Antes de determinar a transfer\u00eancia dos valores que o SINDESV-DF pediu, o Juiz da causa&hellip; <\/p>\n","protected":false},"author":4,"featured_media":17347,"comment_status":"closed","ping_status":"closed","sticky":false,"template":"","format":"standard","meta":{"footnotes":""},"categories":[101],"tags":[],"class_list":["post-17345","post","type-post","status-publish","format-standard","has-post-thumbnail","hentry","category-olho-vivo"],"jetpack_featured_media_url":"https:\/\/sindesvdf.com.br\/news\/wp-content\/uploads\/2025\/01\/juridicosind.jpg","_links":{"self":[{"href":"https:\/\/sindesvdf.com.br\/news\/wp-json\/wp\/v2\/posts\/17345","targetHints":{"allow":["GET"]}}],"collection":[{"href":"https:\/\/sindesvdf.com.br\/news\/wp-json\/wp\/v2\/posts"}],"about":[{"href":"https:\/\/sindesvdf.com.br\/news\/wp-json\/wp\/v2\/types\/post"}],"author":[{"embeddable":true,"href":"https:\/\/sindesvdf.com.br\/news\/wp-json\/wp\/v2\/users\/4"}],"replies":[{"embeddable":true,"href":"https:\/\/sindesvdf.com.br\/news\/wp-json\/wp\/v2\/comments?post=17345"}],"version-history":[{"count":3,"href":"https:\/\/sindesvdf.com.br\/news\/wp-json\/wp\/v2\/posts\/17345\/revisions"}],"predecessor-version":[{"id":17351,"href":"https:\/\/sindesvdf.com.br\/news\/wp-json\/wp\/v2\/posts\/17345\/revisions\/17351"}],"wp:featuredmedia":[{"embeddable":true,"href":"https:\/\/sindesvdf.com.br\/news\/wp-json\/wp\/v2\/media\/17347"}],"wp:attachment":[{"href":"https:\/\/sindesvdf.com.br\/news\/wp-json\/wp\/v2\/media?parent=17345"}],"wp:term":[{"taxonomy":"category","embeddable":true,"href":"https:\/\/sindesvdf.com.br\/news\/wp-json\/wp\/v2\/categories?post=17345"},{"taxonomy":"post_tag","embeddable":true,"href":"https:\/\/sindesvdf.com.br\/news\/wp-json\/wp\/v2\/tags?post=17345"}],"curies":[{"name":"wp","href":"https:\/\/api.w.org\/{rel}","templated":true}]}}