{"id":17354,"date":"2025-01-08T09:40:45","date_gmt":"2025-01-08T12:40:45","guid":{"rendered":"https:\/\/sindesvdf.com.br\/news\/?p=17354"},"modified":"2025-01-08T09:40:45","modified_gmt":"2025-01-08T12:40:45","slug":"visan-deixa-o-contrato-do-hospital-de-base-iges-e-empresa-5-estrelas-assume","status":"publish","type":"post","link":"https:\/\/sindesvdf.com.br\/news\/visan-deixa-o-contrato-do-hospital-de-base-iges-e-empresa-5-estrelas-assume\/","title":{"rendered":"Visan deixa o contrato do Hospital de Base\/IGES, e empresa 5 Estrelas assume"},"content":{"rendered":"<p><img loading=\"lazy\" decoding=\"async\" class=\"aligncenter size-full wp-image-17355\" src=\"https:\/\/sindesvdf.com.br\/news\/wp-content\/uploads\/2025\/01\/Base_jan.jpg\" alt=\"\" width=\"700\" height=\"400\" srcset=\"https:\/\/sindesvdf.com.br\/news\/wp-content\/uploads\/2025\/01\/Base_jan.jpg 700w, https:\/\/sindesvdf.com.br\/news\/wp-content\/uploads\/2025\/01\/Base_jan-300x171.jpg 300w\" sizes=\"auto, (max-width: 700px) 100vw, 700px\" \/><\/p>\n<p><span style=\"font-size: 14pt;\">A Visan est\u00e1 deixando o contrato com o IGES de presta\u00e7\u00e3o de servi\u00e7o de seguran\u00e7a privada no Hospital de Base e a 5 Estrelas vai assinar o contrato com os 102 vigilantes que atualmente atuam no Hospital de Base\/IGES.<\/span><\/p>\n<p><span style=\"font-size: 14pt;\"><strong>Calend\u00e1rio para Admiss\u00e3o, Uniforme e Assinatura do Contrato<\/strong><\/span><\/p>\n<p><span style=\"font-size: 14pt;\"><strong>Vigilantes de folga na quinta-feira:<\/strong><\/span><br \/>\n<span style=\"font-size: 14pt;\">Data: 09\/01\/2025 (quinta-feira)<\/span><br \/>\n<span style=\"font-size: 14pt;\">Hor\u00e1rio: 08h \u00e0s 18h<\/span><\/p>\n<p><span style=\"font-size: 14pt;\"><strong>Vigilantes de folga na sexta-feira:<\/strong><\/span><br \/>\n<span style=\"font-size: 14pt;\">Data: 10\/01\/2025 (sexta-feira)<\/span><br \/>\n<span style=\"font-size: 14pt;\">Hor\u00e1rio: 08h \u00e0s 18h<\/span><\/p>\n<p><span style=\"font-size: 14pt;\"><strong>Local:<\/strong> Sede da 5 Estrelas<\/span><br \/>\n<span style=\"font-size: 14pt;\">Endere\u00e7o: SAAN Quadra 1, Lotes 1090\/1100 &#8211; Bras\u00edlia &#8211; DF, 70632-100<\/span><br \/>\n<span style=\"font-size: 14pt;\">\ud83d\udcde Telefone: (61) 3963-3060<\/span><\/p>\n<p><span style=\"font-size: 14pt;\"><strong>Documentos necess\u00e1rios:<\/strong><\/span><\/p>\n<p><span style=\"font-size: 14pt;\">Documento de identifica\u00e7\u00e3o<\/span><br \/>\n<span style=\"font-size: 14pt;\">Carteira de Trabalho<\/span><\/p>\n<p><span style=\"font-size: 14pt;\">Diretores do SINDESV-DF estar\u00e3o presentes para oferecer todo o suporte necess\u00e1rio aos vigilantes.<\/span><\/p>\n<p><span style=\"font-size: 14pt;\">Juntos somos mais fortes!<\/span><\/p>\n<p class=\"wpf_wrapper\"><a class=\"print_link\" href=\"\" target=\"_blank\">Preparar para impress\u00e3o<\/a><\/p><!-- .wpf_wrapper -->","protected":false},"excerpt":{"rendered":"<p>A Visan est\u00e1 deixando o contrato com o IGES de presta\u00e7\u00e3o de servi\u00e7o de seguran\u00e7a privada no Hospital de Base&hellip; <\/p>\n","protected":false},"author":4,"featured_media":17355,"comment_status":"closed","ping_status":"closed","sticky":false,"template":"","format":"standard","meta":{"footnotes":""},"categories":[101],"tags":[],"class_list":["post-17354","post","type-post","status-publish","format-standard","has-post-thumbnail","hentry","category-olho-vivo"],"jetpack_featured_media_url":"https:\/\/sindesvdf.com.br\/news\/wp-content\/uploads\/2025\/01\/Base_jan.jpg","_links":{"self":[{"href":"https:\/\/sindesvdf.com.br\/news\/wp-json\/wp\/v2\/posts\/17354","targetHints":{"allow":["GET"]}}],"collection":[{"href":"https:\/\/sindesvdf.com.br\/news\/wp-json\/wp\/v2\/posts"}],"about":[{"href":"https:\/\/sindesvdf.com.br\/news\/wp-json\/wp\/v2\/types\/post"}],"author":[{"embeddable":true,"href":"https:\/\/sindesvdf.com.br\/news\/wp-json\/wp\/v2\/users\/4"}],"replies":[{"embeddable":true,"href":"https:\/\/sindesvdf.com.br\/news\/wp-json\/wp\/v2\/comments?post=17354"}],"version-history":[{"count":2,"href":"https:\/\/sindesvdf.com.br\/news\/wp-json\/wp\/v2\/posts\/17354\/revisions"}],"predecessor-version":[{"id":17357,"href":"https:\/\/sindesvdf.com.br\/news\/wp-json\/wp\/v2\/posts\/17354\/revisions\/17357"}],"wp:featuredmedia":[{"embeddable":true,"href":"https:\/\/sindesvdf.com.br\/news\/wp-json\/wp\/v2\/media\/17355"}],"wp:attachment":[{"href":"https:\/\/sindesvdf.com.br\/news\/wp-json\/wp\/v2\/media?parent=17354"}],"wp:term":[{"taxonomy":"category","embeddable":true,"href":"https:\/\/sindesvdf.com.br\/news\/wp-json\/wp\/v2\/categories?post=17354"},{"taxonomy":"post_tag","embeddable":true,"href":"https:\/\/sindesvdf.com.br\/news\/wp-json\/wp\/v2\/tags?post=17354"}],"curies":[{"name":"wp","href":"https:\/\/api.w.org\/{rel}","templated":true}]}}