{"id":17358,"date":"2025-01-09T11:17:47","date_gmt":"2025-01-09T14:17:47","guid":{"rendered":"https:\/\/sindesvdf.com.br\/news\/?p=17358"},"modified":"2025-01-09T11:17:47","modified_gmt":"2025-01-09T14:17:47","slug":"diretores-do-sindesv-df-realizam-reuniao-para-ajustes-finais-na-contratacao-de-vigilantes-do-hospital-de-base","status":"publish","type":"post","link":"https:\/\/sindesvdf.com.br\/news\/diretores-do-sindesv-df-realizam-reuniao-para-ajustes-finais-na-contratacao-de-vigilantes-do-hospital-de-base\/","title":{"rendered":"Diretores do SINDESV-DF realizam reuni\u00e3o para ajustes finais na contrata\u00e7\u00e3o de vigilantes do Hospital de Base"},"content":{"rendered":"<p><img loading=\"lazy\" decoding=\"async\" class=\"aligncenter size-full wp-image-17359\" src=\"https:\/\/sindesvdf.com.br\/news\/wp-content\/uploads\/2025\/01\/IGES-5ESTRELAS.jpg\" alt=\"\" width=\"700\" height=\"400\" srcset=\"https:\/\/sindesvdf.com.br\/news\/wp-content\/uploads\/2025\/01\/IGES-5ESTRELAS.jpg 700w, https:\/\/sindesvdf.com.br\/news\/wp-content\/uploads\/2025\/01\/IGES-5ESTRELAS-300x171.jpg 300w\" sizes=\"auto, (max-width: 700px) 100vw, 700px\" \/><\/p>\n<p><span style=\"font-size: 14pt;\">Na tarde desta quarta-feira, 8 de janeiro, diretores do Sindicato dos Vigilantes do DF participaram de uma reuni\u00e3o com representantes do Iges-DF e da empresa 5 Estrelas. O encontro teve como objetivo realizar os \u00faltimos ajustes para a contrata\u00e7\u00e3o dos vigilantes que prestam servi\u00e7o no Hospital de Base.<\/span><\/p>\n<p><span style=\"font-size: 14pt;\">Atualmente, os profissionais s\u00e3o vinculados \u00e0 empresa Visan, mas a mudan\u00e7a para a nova empresa, a 5 Estrelas, est\u00e1 em processo de transi\u00e7\u00e3o. Durante a reuni\u00e3o, foram discutidos temas como a garantia dos direitos trabalhistas, a manuten\u00e7\u00e3o das condi\u00e7\u00f5es de trabalho e a transi\u00e7\u00e3o dos contratos.<\/span><\/p>\n<p><span style=\"font-size: 14pt;\">A substitui\u00e7\u00e3o da empresa Visan faz parte de uma s\u00e9rie de ajustes administrativos no setor de seguran\u00e7a do Hospital de Base, coordenado pelo Iges-DF e acompanhado pelo SINDESV-DF.<\/span><\/p>\n<p><span style=\"font-size: 14pt;\">Juntos somos mais fortes!<\/span><\/p>\n<p class=\"wpf_wrapper\"><a class=\"print_link\" href=\"\" target=\"_blank\">Preparar para impress\u00e3o<\/a><\/p><!-- .wpf_wrapper -->","protected":false},"excerpt":{"rendered":"<p>Na tarde desta quarta-feira, 8 de janeiro, diretores do Sindicato dos Vigilantes do DF participaram de uma reuni\u00e3o com representantes&hellip; <\/p>\n","protected":false},"author":4,"featured_media":17359,"comment_status":"closed","ping_status":"closed","sticky":false,"template":"","format":"standard","meta":{"footnotes":""},"categories":[101],"tags":[],"class_list":["post-17358","post","type-post","status-publish","format-standard","has-post-thumbnail","hentry","category-olho-vivo"],"jetpack_featured_media_url":"https:\/\/sindesvdf.com.br\/news\/wp-content\/uploads\/2025\/01\/IGES-5ESTRELAS.jpg","_links":{"self":[{"href":"https:\/\/sindesvdf.com.br\/news\/wp-json\/wp\/v2\/posts\/17358","targetHints":{"allow":["GET"]}}],"collection":[{"href":"https:\/\/sindesvdf.com.br\/news\/wp-json\/wp\/v2\/posts"}],"about":[{"href":"https:\/\/sindesvdf.com.br\/news\/wp-json\/wp\/v2\/types\/post"}],"author":[{"embeddable":true,"href":"https:\/\/sindesvdf.com.br\/news\/wp-json\/wp\/v2\/users\/4"}],"replies":[{"embeddable":true,"href":"https:\/\/sindesvdf.com.br\/news\/wp-json\/wp\/v2\/comments?post=17358"}],"version-history":[{"count":2,"href":"https:\/\/sindesvdf.com.br\/news\/wp-json\/wp\/v2\/posts\/17358\/revisions"}],"predecessor-version":[{"id":17361,"href":"https:\/\/sindesvdf.com.br\/news\/wp-json\/wp\/v2\/posts\/17358\/revisions\/17361"}],"wp:featuredmedia":[{"embeddable":true,"href":"https:\/\/sindesvdf.com.br\/news\/wp-json\/wp\/v2\/media\/17359"}],"wp:attachment":[{"href":"https:\/\/sindesvdf.com.br\/news\/wp-json\/wp\/v2\/media?parent=17358"}],"wp:term":[{"taxonomy":"category","embeddable":true,"href":"https:\/\/sindesvdf.com.br\/news\/wp-json\/wp\/v2\/categories?post=17358"},{"taxonomy":"post_tag","embeddable":true,"href":"https:\/\/sindesvdf.com.br\/news\/wp-json\/wp\/v2\/tags?post=17358"}],"curies":[{"name":"wp","href":"https:\/\/api.w.org\/{rel}","templated":true}]}}