{"id":17369,"date":"2025-01-17T09:52:33","date_gmt":"2025-01-17T12:52:33","guid":{"rendered":"https:\/\/sindesvdf.com.br\/news\/?p=17369"},"modified":"2025-01-17T10:03:39","modified_gmt":"2025-01-17T13:03:39","slug":"campanha-salarial-2025-assembleia-geral-com-indicativo-de-greve","status":"publish","type":"post","link":"https:\/\/sindesvdf.com.br\/news\/campanha-salarial-2025-assembleia-geral-com-indicativo-de-greve\/","title":{"rendered":"CAMPANHA SALARIAL 2025 \u2013 Assembleia Geral com Indicativo de Greve"},"content":{"rendered":"<p>&nbsp;<\/p>\n<p><img loading=\"lazy\" decoding=\"async\" class=\"aligncenter size-full wp-image-17370\" src=\"https:\/\/sindesvdf.com.br\/news\/wp-content\/uploads\/2025\/01\/olho-vivo-janeiro.jpg\" alt=\"\" width=\"700\" height=\"400\" srcset=\"https:\/\/sindesvdf.com.br\/news\/wp-content\/uploads\/2025\/01\/olho-vivo-janeiro.jpg 700w, https:\/\/sindesvdf.com.br\/news\/wp-content\/uploads\/2025\/01\/olho-vivo-janeiro-300x171.jpg 300w\" sizes=\"auto, (max-width: 700px) 100vw, 700px\" \/><\/p>\n<p><span style=\"font-size: 14pt;\">Est\u00e1 na hora de mostrarmos, mais uma vez, a for\u00e7a da nossa categoria!<\/span><\/p>\n<p><span style=\"font-size: 14pt;\"><strong>Vigilante, voc\u00ea sabe o que acontece quando os patr\u00f5es n\u00e3o apresentam proposta, n\u00e3o \u00e9?<\/strong><\/span><br \/>\n<span style=\"font-size: 14pt;\"><strong>ASSEMBLEIA GERAL COM INDICATIVO DE GREVE!<\/strong><\/span><\/p>\n<p><span style=\"font-size: 14pt;\"><strong>Data:<\/strong> 30\/01\/25<\/span><br \/>\n<span style=\"font-size: 14pt;\"><strong>Hora:<\/strong> 19h30<\/span><br \/>\n<span style=\"font-size: 14pt;\"><strong>Local:<\/strong> na rampa dos vigilantes, em frente \u00e0 Casa do Chocolate &#8211; CONIC<\/span><\/p>\n<p><span style=\"font-size: 14pt;\"><strong>Sua participa\u00e7\u00e3o faz toda a diferen\u00e7a!<\/strong><\/span><br \/>\n<span style=\"font-size: 14pt;\">N\u00e3o deixe que decidam por voc\u00ea. Venha fortalecer a nossa luta por melhores condi\u00e7\u00f5es e sal\u00e1rios justos.<\/span><\/p>\n<p><span style=\"font-size: 14pt;\">\u2705 <strong>Confira nosso Olho Vivo e esteja por dentro de tudo!<\/strong><\/span><\/p>\n<p><span style=\"font-size: 14pt;\">\ud83d\udd17 <a href=\"https:\/\/bit.ly\/2Pvu8Un\">https:\/\/bit.ly\/2Pvu8Un<\/a><\/span><\/p>\n<p class=\"wpf_wrapper\"><a class=\"print_link\" href=\"\" target=\"_blank\">Preparar para impress\u00e3o<\/a><\/p><!-- .wpf_wrapper -->","protected":false},"excerpt":{"rendered":"<p>&nbsp; Est\u00e1 na hora de mostrarmos, mais uma vez, a for\u00e7a da nossa categoria! Vigilante, voc\u00ea sabe o que acontece&hellip; <\/p>\n","protected":false},"author":4,"featured_media":17370,"comment_status":"closed","ping_status":"closed","sticky":false,"template":"","format":"standard","meta":{"footnotes":""},"categories":[101],"tags":[],"class_list":["post-17369","post","type-post","status-publish","format-standard","has-post-thumbnail","hentry","category-olho-vivo"],"jetpack_featured_media_url":"https:\/\/sindesvdf.com.br\/news\/wp-content\/uploads\/2025\/01\/olho-vivo-janeiro.jpg","_links":{"self":[{"href":"https:\/\/sindesvdf.com.br\/news\/wp-json\/wp\/v2\/posts\/17369","targetHints":{"allow":["GET"]}}],"collection":[{"href":"https:\/\/sindesvdf.com.br\/news\/wp-json\/wp\/v2\/posts"}],"about":[{"href":"https:\/\/sindesvdf.com.br\/news\/wp-json\/wp\/v2\/types\/post"}],"author":[{"embeddable":true,"href":"https:\/\/sindesvdf.com.br\/news\/wp-json\/wp\/v2\/users\/4"}],"replies":[{"embeddable":true,"href":"https:\/\/sindesvdf.com.br\/news\/wp-json\/wp\/v2\/comments?post=17369"}],"version-history":[{"count":3,"href":"https:\/\/sindesvdf.com.br\/news\/wp-json\/wp\/v2\/posts\/17369\/revisions"}],"predecessor-version":[{"id":17373,"href":"https:\/\/sindesvdf.com.br\/news\/wp-json\/wp\/v2\/posts\/17369\/revisions\/17373"}],"wp:featuredmedia":[{"embeddable":true,"href":"https:\/\/sindesvdf.com.br\/news\/wp-json\/wp\/v2\/media\/17370"}],"wp:attachment":[{"href":"https:\/\/sindesvdf.com.br\/news\/wp-json\/wp\/v2\/media?parent=17369"}],"wp:term":[{"taxonomy":"category","embeddable":true,"href":"https:\/\/sindesvdf.com.br\/news\/wp-json\/wp\/v2\/categories?post=17369"},{"taxonomy":"post_tag","embeddable":true,"href":"https:\/\/sindesvdf.com.br\/news\/wp-json\/wp\/v2\/tags?post=17369"}],"curies":[{"name":"wp","href":"https:\/\/api.w.org\/{rel}","templated":true}]}}