{"id":17378,"date":"2025-01-21T09:06:08","date_gmt":"2025-01-21T12:06:08","guid":{"rendered":"https:\/\/sindesvdf.com.br\/news\/?p=17378"},"modified":"2025-01-21T09:07:44","modified_gmt":"2025-01-21T12:07:44","slug":"convocacao-aos-vigilantes-da-ipanema-da-secretaria-de-saude-do-df-conferencia-e-homologacao-do-trct","status":"publish","type":"post","link":"https:\/\/sindesvdf.com.br\/news\/convocacao-aos-vigilantes-da-ipanema-da-secretaria-de-saude-do-df-conferencia-e-homologacao-do-trct\/","title":{"rendered":"Convoca\u00e7\u00e3o aos Vigilantes que eram da Ipanema na SES\/DF \u2013 Confer\u00eancia e Homologa\u00e7\u00e3o do TRCT"},"content":{"rendered":"<p><img loading=\"lazy\" decoding=\"async\" class=\"aligncenter size-full wp-image-17379\" src=\"https:\/\/sindesvdf.com.br\/news\/wp-content\/uploads\/2025\/01\/trct-ipanema-.jpeg\" alt=\"\" width=\"700\" height=\"400\" srcset=\"https:\/\/sindesvdf.com.br\/news\/wp-content\/uploads\/2025\/01\/trct-ipanema-.jpeg 700w, https:\/\/sindesvdf.com.br\/news\/wp-content\/uploads\/2025\/01\/trct-ipanema--300x171.jpeg 300w\" sizes=\"auto, (max-width: 700px) 100vw, 700px\" \/><\/p>\n<p><span style=\"font-size: 14pt;\">A dire\u00e7\u00e3o do SINDESV-DF convoca todos os vigilantes que eram da Ipanema e prestam servi\u00e7o na Secretaria de Sa\u00fade do DF para comparecerem ao Sindicato. O objetivo \u00e9 realizar a confer\u00eancia e homologa\u00e7\u00e3o do TRCT &#8211;<strong> Termo de Rescis\u00e3o do Contrato de Trabalho.<\/strong><\/span><\/p>\n<p><span style=\"font-size: 14pt;\">Ressaltamos que o seu comparecimento \u00e9 indispens\u00e1vel. A an\u00e1lise ser\u00e1 realizada por diretores qualificados, garantindo a preserva\u00e7\u00e3o e o resguardo de todos os direitos dos vigilantes.<\/span><\/p>\n<p><strong><span style=\"font-size: 14pt;\">DATA DE COMPARECIMENTO PARA CONFER\u00caNCIA E HOMOLOGA\u00c7\u00c3O DO TRCT &#8211; TERMO DE RESCIS\u00c3O DE CONTRATO DE TRABALHO<\/span><\/strong><\/p>\n<p><span style=\"font-size: 24pt;\"><span style=\"font-size: 14pt;\"><strong>Data:<\/strong> 22 a 30 de janeiro de 2025 (somente dias \u00fateis)<\/span><\/span><br \/>\n<span style=\"font-size: 14pt;\"><strong>Hor\u00e1rio:<\/strong> 8h \u00e0s 12h<\/span><br \/>\n<span style=\"font-size: 14pt;\"><strong>Local:<\/strong> Audit\u00f3rio do SINDESV-DF &#8211;\u00a0<\/span><span style=\"font-size: 14pt;\">SDS &#8211; ED. VEN\u00c2NCIO V- COBERTURA &#8211; CONIC<\/span><\/p>\n<p><span style=\"font-size: 14pt;\"><strong>OBS:<\/strong> Ser\u00e3o distribu\u00eddas 200 senhas por dia.\u00a0<\/span><\/p>\n<p class=\"wpf_wrapper\"><a class=\"print_link\" href=\"\" target=\"_blank\">Preparar para impress\u00e3o<\/a><\/p><!-- .wpf_wrapper -->","protected":false},"excerpt":{"rendered":"<p>A dire\u00e7\u00e3o do SINDESV-DF convoca todos os vigilantes que eram da Ipanema e prestam servi\u00e7o na Secretaria de Sa\u00fade do&hellip; <\/p>\n","protected":false},"author":4,"featured_media":17379,"comment_status":"closed","ping_status":"closed","sticky":false,"template":"","format":"standard","meta":{"footnotes":""},"categories":[101],"tags":[],"class_list":["post-17378","post","type-post","status-publish","format-standard","has-post-thumbnail","hentry","category-olho-vivo"],"jetpack_featured_media_url":"https:\/\/sindesvdf.com.br\/news\/wp-content\/uploads\/2025\/01\/trct-ipanema-.jpeg","_links":{"self":[{"href":"https:\/\/sindesvdf.com.br\/news\/wp-json\/wp\/v2\/posts\/17378","targetHints":{"allow":["GET"]}}],"collection":[{"href":"https:\/\/sindesvdf.com.br\/news\/wp-json\/wp\/v2\/posts"}],"about":[{"href":"https:\/\/sindesvdf.com.br\/news\/wp-json\/wp\/v2\/types\/post"}],"author":[{"embeddable":true,"href":"https:\/\/sindesvdf.com.br\/news\/wp-json\/wp\/v2\/users\/4"}],"replies":[{"embeddable":true,"href":"https:\/\/sindesvdf.com.br\/news\/wp-json\/wp\/v2\/comments?post=17378"}],"version-history":[{"count":4,"href":"https:\/\/sindesvdf.com.br\/news\/wp-json\/wp\/v2\/posts\/17378\/revisions"}],"predecessor-version":[{"id":17381,"href":"https:\/\/sindesvdf.com.br\/news\/wp-json\/wp\/v2\/posts\/17378\/revisions\/17381"}],"wp:featuredmedia":[{"embeddable":true,"href":"https:\/\/sindesvdf.com.br\/news\/wp-json\/wp\/v2\/media\/17379"}],"wp:attachment":[{"href":"https:\/\/sindesvdf.com.br\/news\/wp-json\/wp\/v2\/media?parent=17378"}],"wp:term":[{"taxonomy":"category","embeddable":true,"href":"https:\/\/sindesvdf.com.br\/news\/wp-json\/wp\/v2\/categories?post=17378"},{"taxonomy":"post_tag","embeddable":true,"href":"https:\/\/sindesvdf.com.br\/news\/wp-json\/wp\/v2\/tags?post=17378"}],"curies":[{"name":"wp","href":"https:\/\/api.w.org\/{rel}","templated":true}]}}