{"id":17435,"date":"2025-02-21T08:28:46","date_gmt":"2025-02-21T11:28:46","guid":{"rendered":"https:\/\/sindesvdf.com.br\/news\/?p=17435"},"modified":"2025-02-21T08:30:25","modified_gmt":"2025-02-21T11:30:25","slug":"assembleia-geral-a-luta-continua","status":"publish","type":"post","link":"https:\/\/sindesvdf.com.br\/news\/assembleia-geral-a-luta-continua\/","title":{"rendered":"ASSEMBLEIA GERAL: A luta continua"},"content":{"rendered":"<p><img loading=\"lazy\" decoding=\"async\" class=\"aligncenter size-full wp-image-17437\" src=\"https:\/\/sindesvdf.com.br\/news\/wp-content\/uploads\/2025\/02\/assem-20-02-25OK.png\" alt=\"\" width=\"700\" height=\"400\" srcset=\"https:\/\/sindesvdf.com.br\/news\/wp-content\/uploads\/2025\/02\/assem-20-02-25OK.png 700w, https:\/\/sindesvdf.com.br\/news\/wp-content\/uploads\/2025\/02\/assem-20-02-25OK-300x171.png 300w\" sizes=\"auto, (max-width: 700px) 100vw, 700px\" \/><br \/>\n<span style=\"font-size: 14pt;\">Na assembleia realizada nesta quinta-feira (20\/02), ficou evidente que o Sindicato Patronal segue ignorando as necessidades da categoria, sem apresentar uma proposta que realmente valorize o trabalho dos vigilantes. A categoria segue firme e mobilizada, pois sabemos que nossos direitos n\u00e3o s\u00e3o favor, s\u00e3o conquista!<\/span><\/p>\n<p><span style=\"font-size: 14pt;\">Diante disso, \u00e9 fundamental a participa\u00e7\u00e3o de todos na pr\u00f3xima assembleia, que acontecer\u00e1 no dia <strong>19\/03\/25, \u00e0s 19h30,<\/strong> na Rampa dos Vigilantes. Somente com uni\u00e3o e mobiliza\u00e7\u00e3o conseguiremos avan\u00e7ar e garantir condi\u00e7\u00f5es dignas para todos!<\/span><\/p>\n<p><span style=\"font-size: 14pt;\">\u00a0N\u00e3o vamos recuar! <strong>Juntos somos mais fortes!<\/strong><\/span><\/p>\n<p class=\"wpf_wrapper\"><a class=\"print_link\" href=\"\" target=\"_blank\">Preparar para impress\u00e3o<\/a><\/p><!-- .wpf_wrapper -->","protected":false},"excerpt":{"rendered":"<p>Na assembleia realizada nesta quinta-feira (20\/02), ficou evidente que o Sindicato Patronal segue ignorando as necessidades da categoria, sem apresentar&hellip; <\/p>\n","protected":false},"author":4,"featured_media":17437,"comment_status":"closed","ping_status":"closed","sticky":false,"template":"","format":"standard","meta":{"footnotes":""},"categories":[115],"tags":[],"class_list":["post-17435","post","type-post","status-publish","format-standard","has-post-thumbnail","hentry","category-plantao-olho-vivo"],"jetpack_featured_media_url":"https:\/\/sindesvdf.com.br\/news\/wp-content\/uploads\/2025\/02\/assem-20-02-25OK.png","_links":{"self":[{"href":"https:\/\/sindesvdf.com.br\/news\/wp-json\/wp\/v2\/posts\/17435","targetHints":{"allow":["GET"]}}],"collection":[{"href":"https:\/\/sindesvdf.com.br\/news\/wp-json\/wp\/v2\/posts"}],"about":[{"href":"https:\/\/sindesvdf.com.br\/news\/wp-json\/wp\/v2\/types\/post"}],"author":[{"embeddable":true,"href":"https:\/\/sindesvdf.com.br\/news\/wp-json\/wp\/v2\/users\/4"}],"replies":[{"embeddable":true,"href":"https:\/\/sindesvdf.com.br\/news\/wp-json\/wp\/v2\/comments?post=17435"}],"version-history":[{"count":3,"href":"https:\/\/sindesvdf.com.br\/news\/wp-json\/wp\/v2\/posts\/17435\/revisions"}],"predecessor-version":[{"id":17442,"href":"https:\/\/sindesvdf.com.br\/news\/wp-json\/wp\/v2\/posts\/17435\/revisions\/17442"}],"wp:featuredmedia":[{"embeddable":true,"href":"https:\/\/sindesvdf.com.br\/news\/wp-json\/wp\/v2\/media\/17437"}],"wp:attachment":[{"href":"https:\/\/sindesvdf.com.br\/news\/wp-json\/wp\/v2\/media?parent=17435"}],"wp:term":[{"taxonomy":"category","embeddable":true,"href":"https:\/\/sindesvdf.com.br\/news\/wp-json\/wp\/v2\/categories?post=17435"},{"taxonomy":"post_tag","embeddable":true,"href":"https:\/\/sindesvdf.com.br\/news\/wp-json\/wp\/v2\/tags?post=17435"}],"curies":[{"name":"wp","href":"https:\/\/api.w.org\/{rel}","templated":true}]}}