{"id":17445,"date":"2025-02-25T13:40:55","date_gmt":"2025-02-25T16:40:55","guid":{"rendered":"https:\/\/sindesvdf.com.br\/news\/?p=17445"},"modified":"2025-02-26T08:11:06","modified_gmt":"2025-02-26T11:11:06","slug":"novo-marco-na-comunicacao-sindical-com-a-inauguracao-do-estudio-sindesv","status":"publish","type":"post","link":"https:\/\/sindesvdf.com.br\/news\/novo-marco-na-comunicacao-sindical-com-a-inauguracao-do-estudio-sindesv\/","title":{"rendered":"Novo marco na comunica\u00e7\u00e3o sindical com a Inaugura\u00e7\u00e3o do Est\u00fadio Sindesv"},"content":{"rendered":"<p><img loading=\"lazy\" decoding=\"async\" class=\"aligncenter size-large wp-image-17446\" src=\"https:\/\/sindesvdf.com.br\/news\/wp-content\/uploads\/2025\/02\/Card-Youtube-1024x576.png\" alt=\"\" width=\"1024\" height=\"576\" srcset=\"https:\/\/sindesvdf.com.br\/news\/wp-content\/uploads\/2025\/02\/Card-Youtube-1024x576.png 1024w, https:\/\/sindesvdf.com.br\/news\/wp-content\/uploads\/2025\/02\/Card-Youtube-300x169.png 300w, https:\/\/sindesvdf.com.br\/news\/wp-content\/uploads\/2025\/02\/Card-Youtube-768x432.png 768w, https:\/\/sindesvdf.com.br\/news\/wp-content\/uploads\/2025\/02\/Card-Youtube-1536x864.png 1536w, https:\/\/sindesvdf.com.br\/news\/wp-content\/uploads\/2025\/02\/Card-Youtube.png 1920w\" sizes=\"auto, (max-width: 1024px) 100vw, 1024px\" \/><\/p>\n<p><span style=\"font-size: 14pt;\">Na manh\u00e3 desta ter\u00e7a-feira, 25\/02\/2025, o <strong data-start=\"55\" data-end=\"69\">SINDESV-DF<\/strong> inaugurou oficialmente o novo est\u00fadio da <strong data-start=\"111\" data-end=\"125\">TV SINDESV<\/strong>, que agora leva o nome de <strong>Est\u00fadio Chico Vigilante<\/strong>, em homenagem \u00e0 trajet\u00f3ria de luta e lideran\u00e7a desse grande defensor da categoria.<\/span><\/p>\n<p data-start=\"314\" data-end=\"606\"><span style=\"font-size: 14pt;\">O evento foi transmitido ao vivo pelo nosso canal no YouTube, refor\u00e7ando nosso compromisso com a transpar\u00eancia e a valoriza\u00e7\u00e3o dos profissionais de seguran\u00e7a. Com este novo espa\u00e7o, aprimoramos nossa comunica\u00e7\u00e3o, oferecendo conte\u00fado de qualidade e informa\u00e7\u00f5es relevantes para toda a categoria.<\/span><\/p>\n<p data-start=\"608\" data-end=\"796\"><span style=\"font-size: 14pt;\">Se voc\u00ea n\u00e3o p\u00f4de acompanhar a transmiss\u00e3o ao vivo, o v\u00eddeo est\u00e1 dispon\u00edvel em nosso canal. Acesse, confira e fa\u00e7a parte deste momento hist\u00f3rico para o <strong data-start=\"759\" data-end=\"773\">SINDESV-DF<\/strong> e todos os vigilantes.<\/span><\/p>\n<p data-start=\"798\" data-end=\"851\"><span style=\"font-size: 14pt;\"><strong data-start=\"798\" data-end=\"816\">Assista agora:\u00a0<\/strong><a href=\"https:\/\/bit.ly\/4gZOhMe\">https:\/\/bit.ly\/4gZOhMe<\/a><\/span><\/p>\n<p data-start=\"798\" data-end=\"851\">\n<p data-start=\"798\" data-end=\"851\"><img loading=\"lazy\" decoding=\"async\" class=\"aligncenter size-large wp-image-17463\" src=\"https:\/\/sindesvdf.com.br\/news\/wp-content\/uploads\/2025\/02\/site-4-1024x683.jpg\" alt=\"\" width=\"1024\" height=\"683\" srcset=\"https:\/\/sindesvdf.com.br\/news\/wp-content\/uploads\/2025\/02\/site-4-1024x683.jpg 1024w, https:\/\/sindesvdf.com.br\/news\/wp-content\/uploads\/2025\/02\/site-4-300x200.jpg 300w, https:\/\/sindesvdf.com.br\/news\/wp-content\/uploads\/2025\/02\/site-4-768x513.jpg 768w, https:\/\/sindesvdf.com.br\/news\/wp-content\/uploads\/2025\/02\/site-4-1536x1025.jpg 1536w, https:\/\/sindesvdf.com.br\/news\/wp-content\/uploads\/2025\/02\/site-4-2048x1367.jpg 2048w\" sizes=\"auto, (max-width: 1024px) 100vw, 1024px\" \/><\/p>\n<p class=\"wpf_wrapper\"><a class=\"print_link\" href=\"\" target=\"_blank\">Preparar para impress\u00e3o<\/a><\/p><!-- .wpf_wrapper -->","protected":false},"excerpt":{"rendered":"<p>Na manh\u00e3 desta ter\u00e7a-feira, 25\/02\/2025, o SINDESV-DF inaugurou oficialmente o novo est\u00fadio da TV SINDESV, que agora leva o nome&hellip; <\/p>\n","protected":false},"author":4,"featured_media":17446,"comment_status":"closed","ping_status":"closed","sticky":false,"template":"","format":"standard","meta":{"footnotes":""},"categories":[101,115],"tags":[],"class_list":["post-17445","post","type-post","status-publish","format-standard","has-post-thumbnail","hentry","category-olho-vivo","category-plantao-olho-vivo"],"jetpack_featured_media_url":"https:\/\/sindesvdf.com.br\/news\/wp-content\/uploads\/2025\/02\/Card-Youtube.png","_links":{"self":[{"href":"https:\/\/sindesvdf.com.br\/news\/wp-json\/wp\/v2\/posts\/17445","targetHints":{"allow":["GET"]}}],"collection":[{"href":"https:\/\/sindesvdf.com.br\/news\/wp-json\/wp\/v2\/posts"}],"about":[{"href":"https:\/\/sindesvdf.com.br\/news\/wp-json\/wp\/v2\/types\/post"}],"author":[{"embeddable":true,"href":"https:\/\/sindesvdf.com.br\/news\/wp-json\/wp\/v2\/users\/4"}],"replies":[{"embeddable":true,"href":"https:\/\/sindesvdf.com.br\/news\/wp-json\/wp\/v2\/comments?post=17445"}],"version-history":[{"count":7,"href":"https:\/\/sindesvdf.com.br\/news\/wp-json\/wp\/v2\/posts\/17445\/revisions"}],"predecessor-version":[{"id":17464,"href":"https:\/\/sindesvdf.com.br\/news\/wp-json\/wp\/v2\/posts\/17445\/revisions\/17464"}],"wp:featuredmedia":[{"embeddable":true,"href":"https:\/\/sindesvdf.com.br\/news\/wp-json\/wp\/v2\/media\/17446"}],"wp:attachment":[{"href":"https:\/\/sindesvdf.com.br\/news\/wp-json\/wp\/v2\/media?parent=17445"}],"wp:term":[{"taxonomy":"category","embeddable":true,"href":"https:\/\/sindesvdf.com.br\/news\/wp-json\/wp\/v2\/categories?post=17445"},{"taxonomy":"post_tag","embeddable":true,"href":"https:\/\/sindesvdf.com.br\/news\/wp-json\/wp\/v2\/tags?post=17445"}],"curies":[{"name":"wp","href":"https:\/\/api.w.org\/{rel}","templated":true}]}}