{"id":17477,"date":"2025-03-11T11:23:09","date_gmt":"2025-03-11T14:23:09","guid":{"rendered":"https:\/\/sindesvdf.com.br\/news\/?p=17477"},"modified":"2025-03-11T15:02:07","modified_gmt":"2025-03-11T18:02:07","slug":"campanha-salarial-2025-assembleia-regional-gama-santa-maria-e-regiao","status":"publish","type":"post","link":"https:\/\/sindesvdf.com.br\/news\/campanha-salarial-2025-assembleia-regional-gama-santa-maria-e-regiao\/","title":{"rendered":"Campanha Salarial 2025 \u2013 Assembleia Regional Gama, Santa Maria e regi\u00e3o"},"content":{"rendered":"<p data-start=\"98\" data-end=\"517\"><img loading=\"lazy\" decoding=\"async\" class=\"aligncenter size-full wp-image-17478\" src=\"https:\/\/sindesvdf.com.br\/news\/wp-content\/uploads\/2025\/03\/santaMaria_Regional25.jpg\" alt=\"\" width=\"700\" height=\"400\" srcset=\"https:\/\/sindesvdf.com.br\/news\/wp-content\/uploads\/2025\/03\/santaMaria_Regional25.jpg 700w, https:\/\/sindesvdf.com.br\/news\/wp-content\/uploads\/2025\/03\/santaMaria_Regional25-300x171.jpg 300w\" sizes=\"auto, (max-width: 700px) 100vw, 700px\" \/><\/p>\n<p data-start=\"98\" data-end=\"517\"><span style=\"font-size: 14pt;\">A Campanha Salarial 2025 segue em um momento decisivo, e a participa\u00e7\u00e3o da categoria \u00e9 fundamental para garantir avan\u00e7os nas negocia\u00e7\u00f5es. Para fortalecer a mobiliza\u00e7\u00e3o, o <strong data-start=\"273\" data-end=\"320\">Sindicato dos Vigilantes do DF <\/strong>\u00a0convoca os trabalhadores do <strong data-start=\"349\" data-end=\"379\">Gama, Santa Maria e Regi\u00e3o<\/strong> para a <strong data-start=\"387\" data-end=\"410\">Assembleia Regional<\/strong>, que ser\u00e1 realizada neste s\u00e1bado, dia <strong data-start=\"449\" data-end=\"464\">15 de mar\u00e7o<\/strong>, \u00e0s <strong data-start=\"469\" data-end=\"486\">8h30 da manh\u00e3<\/strong>, no <strong data-start=\"491\" data-end=\"514\">Lions Clube do Gama<\/strong>.<\/span><\/p>\n<p data-start=\"519\" data-end=\"880\"><span style=\"font-size: 14pt;\">Durante a reuni\u00e3o, ser\u00e3o apresentadas informa\u00e7\u00f5es sobre o andamento das negocia\u00e7\u00f5es, que est\u00e3o sendo intermediadas pelo Tribunal Regional do Trabalho da 10\u00aa Regi\u00e3o (TRT-10). Al\u00e9m disso, caso n\u00e3o haja avan\u00e7os, a categoria poder\u00e1 definir, em Assembleia Geral, a <strong data-start=\"783\" data-end=\"810\">data de in\u00edcio da greve<\/strong>, medida que s\u00f3 ser\u00e1 poss\u00edvel com ampla participa\u00e7\u00e3o dos vigilantes.<\/span><\/p>\n<p data-start=\"882\" data-end=\"1024\"><span style=\"font-size: 14pt;\">O sindicato refor\u00e7a a import\u00e2ncia da presen\u00e7a de todos para fortalecer a luta por melhores condi\u00e7\u00f5es de trabalho e valoriza\u00e7\u00e3o da categoria.<\/span><\/p>\n<p data-start=\"1026\" data-end=\"1179\"><span style=\"font-size: 14pt;\">\ud83d\udcc5 <strong data-start=\"1029\" data-end=\"1038\">Data:<\/strong> 15\/03\/2025 (s\u00e1bado)<\/span><br data-start=\"1058\" data-end=\"1061\" \/><span style=\"font-size: 14pt;\">\ud83d\udd57 <strong data-start=\"1064\" data-end=\"1076\">Hor\u00e1rio:<\/strong> 08h30<\/span><br data-start=\"1082\" data-end=\"1085\" \/><span style=\"font-size: 14pt;\">\ud83d\udccd <strong data-start=\"1088\" data-end=\"1098\">Local:<\/strong> Lions Clube do Gama \u2013 \u00c1rea Especial \u2013 Setor Central (pr\u00f3ximo ao Gama Shopping)<\/span><\/p>\n<p data-start=\"1181\" data-end=\"1211\" data-is-last-node=\"\" data-is-only-node=\"\"><span style=\"font-size: 14pt;\">A sua participa\u00e7\u00e3o faz a diferen\u00e7a! Juntos, somos mais fortes!<\/span><\/p>\n<p class=\"wpf_wrapper\"><a class=\"print_link\" href=\"\" target=\"_blank\">Preparar para impress\u00e3o<\/a><\/p><!-- .wpf_wrapper -->","protected":false},"excerpt":{"rendered":"<p>A Campanha Salarial 2025 segue em um momento decisivo, e a participa\u00e7\u00e3o da categoria \u00e9 fundamental para garantir avan\u00e7os nas&hellip; <\/p>\n","protected":false},"author":4,"featured_media":17478,"comment_status":"closed","ping_status":"closed","sticky":false,"template":"","format":"standard","meta":{"footnotes":""},"categories":[115],"tags":[],"class_list":["post-17477","post","type-post","status-publish","format-standard","has-post-thumbnail","hentry","category-plantao-olho-vivo"],"jetpack_featured_media_url":"https:\/\/sindesvdf.com.br\/news\/wp-content\/uploads\/2025\/03\/santaMaria_Regional25.jpg","_links":{"self":[{"href":"https:\/\/sindesvdf.com.br\/news\/wp-json\/wp\/v2\/posts\/17477","targetHints":{"allow":["GET"]}}],"collection":[{"href":"https:\/\/sindesvdf.com.br\/news\/wp-json\/wp\/v2\/posts"}],"about":[{"href":"https:\/\/sindesvdf.com.br\/news\/wp-json\/wp\/v2\/types\/post"}],"author":[{"embeddable":true,"href":"https:\/\/sindesvdf.com.br\/news\/wp-json\/wp\/v2\/users\/4"}],"replies":[{"embeddable":true,"href":"https:\/\/sindesvdf.com.br\/news\/wp-json\/wp\/v2\/comments?post=17477"}],"version-history":[{"count":2,"href":"https:\/\/sindesvdf.com.br\/news\/wp-json\/wp\/v2\/posts\/17477\/revisions"}],"predecessor-version":[{"id":17480,"href":"https:\/\/sindesvdf.com.br\/news\/wp-json\/wp\/v2\/posts\/17477\/revisions\/17480"}],"wp:featuredmedia":[{"embeddable":true,"href":"https:\/\/sindesvdf.com.br\/news\/wp-json\/wp\/v2\/media\/17478"}],"wp:attachment":[{"href":"https:\/\/sindesvdf.com.br\/news\/wp-json\/wp\/v2\/media?parent=17477"}],"wp:term":[{"taxonomy":"category","embeddable":true,"href":"https:\/\/sindesvdf.com.br\/news\/wp-json\/wp\/v2\/categories?post=17477"},{"taxonomy":"post_tag","embeddable":true,"href":"https:\/\/sindesvdf.com.br\/news\/wp-json\/wp\/v2\/tags?post=17477"}],"curies":[{"name":"wp","href":"https:\/\/api.w.org\/{rel}","templated":true}]}}