{"id":17488,"date":"2025-03-12T10:08:43","date_gmt":"2025-03-12T13:08:43","guid":{"rendered":"https:\/\/sindesvdf.com.br\/news\/?p=17488"},"modified":"2025-03-12T10:08:43","modified_gmt":"2025-03-12T13:08:43","slug":"campanha-salarial-2025-assembleia-decisiva-dia-19-de-marco","status":"publish","type":"post","link":"https:\/\/sindesvdf.com.br\/news\/campanha-salarial-2025-assembleia-decisiva-dia-19-de-marco\/","title":{"rendered":"CAMPANHA SALARIAL 2025 \u2013 Assembleia Decisiva dia 19 de mar\u00e7o"},"content":{"rendered":"<p><img loading=\"lazy\" decoding=\"async\" class=\"aligncenter size-full wp-image-17489\" src=\"https:\/\/sindesvdf.com.br\/news\/wp-content\/uploads\/2025\/03\/assembleia-marco.jpg\" alt=\"\" width=\"700\" height=\"400\" srcset=\"https:\/\/sindesvdf.com.br\/news\/wp-content\/uploads\/2025\/03\/assembleia-marco.jpg 700w, https:\/\/sindesvdf.com.br\/news\/wp-content\/uploads\/2025\/03\/assembleia-marco-300x171.jpg 300w\" sizes=\"auto, (max-width: 700px) 100vw, 700px\" \/><\/p>\n<p><span style=\"font-size: 14pt;\">Nova edi\u00e7\u00e3o do Jornal Olho Vivo j\u00e1 dispon\u00edvel, trazendo todas as informa\u00e7\u00f5es sobre a <strong>Campanha Salarial 2025<\/strong>. Estamos em um momento decisivo para a categoria, e contamos com a uni\u00e3o e mobiliza\u00e7\u00e3o dos vigilantes para avan\u00e7armos na luta por melhores condi\u00e7\u00f5es de trabalho e valoriza\u00e7\u00e3o profissional.<\/span><\/p>\n<p><strong><span style=\"font-size: 14pt;\">Assembleia Geral ser\u00e1 decisiva para os pr\u00f3ximos passos<\/span><\/strong><\/p>\n<p><span style=\"font-size: 14pt;\">No pr\u00f3ximo dia 19 de mar\u00e7o, realizaremos uma <strong>Assembleia Geral<\/strong> fundamental para definir os rumos da nossa Campanha Salarial. Se houver uma proposta patronal, a categoria ir\u00e1 avali\u00e1-la. Caso contr\u00e1rio, ou se a proposta n\u00e3o atender \u00e0s nossas reivindica\u00e7\u00f5es, vamos intensificar a mobiliza\u00e7\u00e3o e preparar a greve, al\u00e9m de discutir a possibilidade de Diss\u00eddio Coletivo.<\/span><\/p>\n<p><span style=\"font-size: 14pt;\">Sabemos que nossa luta \u00e9 leg\u00edtima e que juntos somos mais fortes! Mas para que possamos avan\u00e7ar, \u00e9 essencial que cada vigilante participe da Assembleia e fortale\u00e7a o movimento. O sucesso da greve \u2013 caso seja necess\u00e1ria \u2013 depender\u00e1 diretamente do n\u00famero de trabalhadores presentes.<\/span><\/p>\n<p><span style=\"font-size: 14pt;\">\ud83d\udce2 <strong>ASSEMBLEIA GERAL COM INDICATIVO DE GREVE<\/strong><\/span><br \/>\n<span style=\"font-size: 14pt;\">\ud83d\udcc5 <strong>Data:<\/strong> 19\/03\/2025 (quarta-feira)<\/span><br \/>\n<span style=\"font-size: 14pt;\">\u23f0 <strong>Hor\u00e1rio:<\/strong> 19h30<\/span><br \/>\n<span style=\"font-size: 14pt;\">\ud83d\udccd <strong>Local:<\/strong> Rampa dos Vigilantes \u2013 CONIC<\/span><\/p>\n<p><span style=\"font-size: 14pt;\"><strong>\u2705\u00a0Confira nosso Olho Vivo\u00a0<\/strong><strong>\u00a0<a href=\"https:\/\/bit.ly\/2Pvu8Un\">https:\/\/bit.ly\/2Pvu8Un<\/a><\/strong><\/span><\/p>\n<p class=\"wpf_wrapper\"><a class=\"print_link\" href=\"\" target=\"_blank\">Preparar para impress\u00e3o<\/a><\/p><!-- .wpf_wrapper -->","protected":false},"excerpt":{"rendered":"<p>Nova edi\u00e7\u00e3o do Jornal Olho Vivo j\u00e1 dispon\u00edvel, trazendo todas as informa\u00e7\u00f5es sobre a Campanha Salarial 2025. Estamos em um&hellip; <\/p>\n","protected":false},"author":4,"featured_media":17489,"comment_status":"closed","ping_status":"closed","sticky":false,"template":"","format":"standard","meta":{"footnotes":""},"categories":[101],"tags":[],"class_list":["post-17488","post","type-post","status-publish","format-standard","has-post-thumbnail","hentry","category-olho-vivo"],"jetpack_featured_media_url":"https:\/\/sindesvdf.com.br\/news\/wp-content\/uploads\/2025\/03\/assembleia-marco.jpg","_links":{"self":[{"href":"https:\/\/sindesvdf.com.br\/news\/wp-json\/wp\/v2\/posts\/17488","targetHints":{"allow":["GET"]}}],"collection":[{"href":"https:\/\/sindesvdf.com.br\/news\/wp-json\/wp\/v2\/posts"}],"about":[{"href":"https:\/\/sindesvdf.com.br\/news\/wp-json\/wp\/v2\/types\/post"}],"author":[{"embeddable":true,"href":"https:\/\/sindesvdf.com.br\/news\/wp-json\/wp\/v2\/users\/4"}],"replies":[{"embeddable":true,"href":"https:\/\/sindesvdf.com.br\/news\/wp-json\/wp\/v2\/comments?post=17488"}],"version-history":[{"count":1,"href":"https:\/\/sindesvdf.com.br\/news\/wp-json\/wp\/v2\/posts\/17488\/revisions"}],"predecessor-version":[{"id":17490,"href":"https:\/\/sindesvdf.com.br\/news\/wp-json\/wp\/v2\/posts\/17488\/revisions\/17490"}],"wp:featuredmedia":[{"embeddable":true,"href":"https:\/\/sindesvdf.com.br\/news\/wp-json\/wp\/v2\/media\/17489"}],"wp:attachment":[{"href":"https:\/\/sindesvdf.com.br\/news\/wp-json\/wp\/v2\/media?parent=17488"}],"wp:term":[{"taxonomy":"category","embeddable":true,"href":"https:\/\/sindesvdf.com.br\/news\/wp-json\/wp\/v2\/categories?post=17488"},{"taxonomy":"post_tag","embeddable":true,"href":"https:\/\/sindesvdf.com.br\/news\/wp-json\/wp\/v2\/tags?post=17488"}],"curies":[{"name":"wp","href":"https:\/\/api.w.org\/{rel}","templated":true}]}}