{"id":17660,"date":"2025-05-22T11:23:12","date_gmt":"2025-05-22T14:23:12","guid":{"rendered":"https:\/\/sindesvdf.com.br\/news\/?p=17660"},"modified":"2025-05-22T11:24:47","modified_gmt":"2025-05-22T14:24:47","slug":"atencao-vigilantes-com-acao-na-justica-para-se-aposentar-na-especial-e-toda-a-categoria","status":"publish","type":"post","link":"https:\/\/sindesvdf.com.br\/news\/atencao-vigilantes-com-acao-na-justica-para-se-aposentar-na-especial-e-toda-a-categoria\/","title":{"rendered":"Aten\u00e7\u00e3o, vigilantes com a\u00e7\u00e3o na Justi\u00e7a para se aposentar na especial e toda a categoria"},"content":{"rendered":"<p><img loading=\"lazy\" decoding=\"async\" class=\"aligncenter size-large wp-image-17661\" src=\"https:\/\/sindesvdf.com.br\/news\/wp-content\/uploads\/2025\/05\/olho-02-1024x576.jpg\" alt=\"\" width=\"1024\" height=\"576\" srcset=\"https:\/\/sindesvdf.com.br\/news\/wp-content\/uploads\/2025\/05\/olho-02-1024x576.jpg 1024w, https:\/\/sindesvdf.com.br\/news\/wp-content\/uploads\/2025\/05\/olho-02-300x169.jpg 300w, https:\/\/sindesvdf.com.br\/news\/wp-content\/uploads\/2025\/05\/olho-02-768x432.jpg 768w, https:\/\/sindesvdf.com.br\/news\/wp-content\/uploads\/2025\/05\/olho-02-1536x864.jpg 1536w, https:\/\/sindesvdf.com.br\/news\/wp-content\/uploads\/2025\/05\/olho-02.jpg 1920w\" sizes=\"auto, (max-width: 1024px) 100vw, 1024px\" \/><\/p>\n<p class=\"cvGsUA direction-ltr align-justify para-style-body\"><span class=\"OYPEnA font-feature-liga-off font-feature-clig-off font-feature-calt-off text-decoration-none text-strikethrough-none\" style=\"font-size: 14pt;\">O Tema da aposentadoria especial \u00e9 um assunto que interessa a todos os vigilantes do Brasil, principalmente aqueles que est\u00e3o com a\u00e7\u00e3o na Justi\u00e7a ou prestes a ingressar. A mobiliza\u00e7\u00e3o nacional tem como objetivo cobrar do Supremo Tribunal Federal (STF) a urgente aprecia\u00e7\u00e3o do Tema 1209, que trata diretamente da aposentadoria dos vigilantes. J\u00e1 esperamos demais \u2014 precisamos de urg\u00eancia na aprecia\u00e7\u00e3o da mat\u00e9ria.<\/span><\/p>\n<p class=\"cvGsUA direction-ltr align-justify para-style-body\"><span class=\"OYPEnA font-feature-liga-off font-feature-clig-off font-feature-calt-off text-decoration-none text-strikethrough-none\" style=\"font-size: 14pt;\">Vale lembrar que o STJ (Superior Tribunal de Justi\u00e7a), por meio do Tema 1301, j\u00e1 reconheceu como leg\u00edtimo o direito \u00e0 aposentadoria especial dos vigilantes. Al\u00e9m disso, a Defensoria P\u00fablica da Uni\u00e3o (DPU) tem atuado firmemente junto ao STF e ao ministro relator Nunes Marques para que o pedido do INSS seja indeferido.<\/span><\/p>\n<p class=\"cvGsUA direction-ltr align-justify para-style-body\"><strong><span style=\"font-size: 14pt;\"><span class=\"OYPEnA font-feature-liga-off font-feature-clig-off font-feature-calt-off text-decoration-none text-strikethrough-none\">ATO NACIONAL<\/span><span class=\"OYPEnA font-feature-liga-off font-feature-clig-off font-feature-calt-off text-decoration-none text-strikethrough-none\"> \u2013 DIA 30\/05\/2025 (SEXTA-FEIRA)<\/span><\/span><\/strong><\/p>\n<p class=\"cvGsUA direction-ltr align-justify para-style-body\"><strong><span class=\"OYPEnA font-feature-liga-off font-feature-clig-off font-feature-calt-off text-decoration-none text-strikethrough-none\" style=\"font-size: 14pt;\">Concentra\u00e7\u00e3o a partir das 8h<\/span><\/strong><\/p>\n<p class=\"cvGsUA direction-ltr align-start para-style-body\"><span class=\"OYPEnA font-feature-liga-off font-feature-clig-off font-feature-calt-off text-decoration-none text-strikethrough-none\" style=\"font-size: 14pt;\">Local: Rampa dos Vigilantes \u2013 Conic<\/span><\/p>\n<p class=\"cvGsUA direction-ltr align-center para-style-body\"><span class=\"OYPEnA font-feature-liga-off font-feature-clig-off font-feature-calt-off text-decoration-none text-strikethrough-none\" style=\"font-size: 14pt;\">Vigilantes do DF: sua presen\u00e7a \u00e9 essencial para fortalecer essa luta!<\/span><\/p>\n<p class=\"cvGsUA direction-ltr align-center para-style-body\"><span class=\"OYPEnA font-feature-liga-off font-feature-clig-off font-feature-calt-off text-decoration-none text-strikethrough-none\" style=\"font-size: 14pt;\">Vamos juntos mostrar nossa for\u00e7a. Contamos com voc\u00ea!<\/span><\/p>\n<p class=\"wpf_wrapper\"><a class=\"print_link\" href=\"\" target=\"_blank\">Preparar para impress\u00e3o<\/a><\/p><!-- .wpf_wrapper -->","protected":false},"excerpt":{"rendered":"<p>O Tema da aposentadoria especial \u00e9 um assunto que interessa a todos os vigilantes do Brasil, principalmente aqueles que est\u00e3o&hellip; <\/p>\n","protected":false},"author":4,"featured_media":17661,"comment_status":"closed","ping_status":"closed","sticky":false,"template":"","format":"standard","meta":{"footnotes":""},"categories":[115],"tags":[],"class_list":["post-17660","post","type-post","status-publish","format-standard","has-post-thumbnail","hentry","category-plantao-olho-vivo"],"jetpack_featured_media_url":"https:\/\/sindesvdf.com.br\/news\/wp-content\/uploads\/2025\/05\/olho-02.jpg","_links":{"self":[{"href":"https:\/\/sindesvdf.com.br\/news\/wp-json\/wp\/v2\/posts\/17660","targetHints":{"allow":["GET"]}}],"collection":[{"href":"https:\/\/sindesvdf.com.br\/news\/wp-json\/wp\/v2\/posts"}],"about":[{"href":"https:\/\/sindesvdf.com.br\/news\/wp-json\/wp\/v2\/types\/post"}],"author":[{"embeddable":true,"href":"https:\/\/sindesvdf.com.br\/news\/wp-json\/wp\/v2\/users\/4"}],"replies":[{"embeddable":true,"href":"https:\/\/sindesvdf.com.br\/news\/wp-json\/wp\/v2\/comments?post=17660"}],"version-history":[{"count":2,"href":"https:\/\/sindesvdf.com.br\/news\/wp-json\/wp\/v2\/posts\/17660\/revisions"}],"predecessor-version":[{"id":17663,"href":"https:\/\/sindesvdf.com.br\/news\/wp-json\/wp\/v2\/posts\/17660\/revisions\/17663"}],"wp:featuredmedia":[{"embeddable":true,"href":"https:\/\/sindesvdf.com.br\/news\/wp-json\/wp\/v2\/media\/17661"}],"wp:attachment":[{"href":"https:\/\/sindesvdf.com.br\/news\/wp-json\/wp\/v2\/media?parent=17660"}],"wp:term":[{"taxonomy":"category","embeddable":true,"href":"https:\/\/sindesvdf.com.br\/news\/wp-json\/wp\/v2\/categories?post=17660"},{"taxonomy":"post_tag","embeddable":true,"href":"https:\/\/sindesvdf.com.br\/news\/wp-json\/wp\/v2\/tags?post=17660"}],"curies":[{"name":"wp","href":"https:\/\/api.w.org\/{rel}","templated":true}]}}