{"id":17666,"date":"2025-05-30T16:46:09","date_gmt":"2025-05-30T19:46:09","guid":{"rendered":"https:\/\/sindesvdf.com.br\/news\/?p=17666"},"modified":"2025-05-30T16:46:09","modified_gmt":"2025-05-30T19:46:09","slug":"centenas-de-vigilantes-do-df-participam-de-ato-em-defesa-da-aposentadoria-especial","status":"publish","type":"post","link":"https:\/\/sindesvdf.com.br\/news\/centenas-de-vigilantes-do-df-participam-de-ato-em-defesa-da-aposentadoria-especial\/","title":{"rendered":"Centenas de vigilantes do DF participam de ato em defesa da aposentadoria especial"},"content":{"rendered":"<p><img loading=\"lazy\" decoding=\"async\" class=\"aligncenter size-full wp-image-17667\" src=\"https:\/\/sindesvdf.com.br\/news\/wp-content\/uploads\/2025\/05\/1209-.png\" alt=\"\" width=\"700\" height=\"400\" srcset=\"https:\/\/sindesvdf.com.br\/news\/wp-content\/uploads\/2025\/05\/1209-.png 700w, https:\/\/sindesvdf.com.br\/news\/wp-content\/uploads\/2025\/05\/1209--300x171.png 300w\" sizes=\"auto, (max-width: 700px) 100vw, 700px\" \/><\/p>\n<p><span style=\"font-size: 14pt;\">Nem mesmo a manh\u00e3 fria desta sexta-feira, 30 de maio de 2025, foi capaz de desanimar os bravos vigilantes do Distrito Federal. Em grande n\u00famero, eles se reuniram no Conic, onde receberam camisetas personalizadas do evento e, por volta das 10h, seguiram em caminhada at\u00e9 a Esplanada dos Minist\u00e9rios.<\/span><\/p>\n<p><span style=\"font-size: 14pt;\">O objetivo do Ato P\u00fablico foi cobrar do Supremo Tribunal Federal (STF) o julgamento do Tema 1209, com um apelo direto para que reconhe\u00e7am o direito ao tempo especial para aposentadoria dos vigilantes, sempre comprometidos com a prote\u00e7\u00e3o a vida das pessoas e do patrim\u00f4nio p\u00fablico e privado.<\/span><\/p>\n<p><span style=\"font-size: 14pt;\">Durante o trajeto, os manifestantes entoaram suas reivindica\u00e7\u00f5es, acompanhados pelo caminh\u00e3o de som, com a presen\u00e7a do deputado Chico Vigilante, do presidente do SINDESV-DF, Paulo Quadros, do presidente da CNTV, Jos\u00e9 Boaventura, al\u00e9m de outros diretores do Sindicato.<\/span><\/p>\n<p><span style=\"font-size: 14pt;\">O ato fez parte de uma mobiliza\u00e7\u00e3o nacional, organizada por sindicatos estaduais de vigilantes em diversas regi\u00f5es do pa\u00eds, fortalecendo a visibilidade da categoria e refor\u00e7ando o recado em alto e bom som: APOSENTADORIA ESPECIAL J\u00c1!<\/span><\/p>\n<p><span style=\"font-size: 14pt;\">Parab\u00e9ns aos vigilantes que mostraram, mais uma vez, que s\u00f3 a luta garante conquistas \u2014 e fizeram do ato um marco \u00e0 altura da import\u00e2ncia da causa.<\/span><\/p>\n<p class=\"wpf_wrapper\"><a class=\"print_link\" href=\"\" target=\"_blank\">Preparar para impress\u00e3o<\/a><\/p><!-- .wpf_wrapper -->","protected":false},"excerpt":{"rendered":"<p>Nem mesmo a manh\u00e3 fria desta sexta-feira, 30 de maio de 2025, foi capaz de desanimar os bravos vigilantes do&hellip; <\/p>\n","protected":false},"author":4,"featured_media":17667,"comment_status":"closed","ping_status":"closed","sticky":false,"template":"","format":"standard","meta":{"footnotes":""},"categories":[115],"tags":[],"class_list":["post-17666","post","type-post","status-publish","format-standard","has-post-thumbnail","hentry","category-plantao-olho-vivo"],"jetpack_featured_media_url":"https:\/\/sindesvdf.com.br\/news\/wp-content\/uploads\/2025\/05\/1209-.png","_links":{"self":[{"href":"https:\/\/sindesvdf.com.br\/news\/wp-json\/wp\/v2\/posts\/17666","targetHints":{"allow":["GET"]}}],"collection":[{"href":"https:\/\/sindesvdf.com.br\/news\/wp-json\/wp\/v2\/posts"}],"about":[{"href":"https:\/\/sindesvdf.com.br\/news\/wp-json\/wp\/v2\/types\/post"}],"author":[{"embeddable":true,"href":"https:\/\/sindesvdf.com.br\/news\/wp-json\/wp\/v2\/users\/4"}],"replies":[{"embeddable":true,"href":"https:\/\/sindesvdf.com.br\/news\/wp-json\/wp\/v2\/comments?post=17666"}],"version-history":[{"count":1,"href":"https:\/\/sindesvdf.com.br\/news\/wp-json\/wp\/v2\/posts\/17666\/revisions"}],"predecessor-version":[{"id":17668,"href":"https:\/\/sindesvdf.com.br\/news\/wp-json\/wp\/v2\/posts\/17666\/revisions\/17668"}],"wp:featuredmedia":[{"embeddable":true,"href":"https:\/\/sindesvdf.com.br\/news\/wp-json\/wp\/v2\/media\/17667"}],"wp:attachment":[{"href":"https:\/\/sindesvdf.com.br\/news\/wp-json\/wp\/v2\/media?parent=17666"}],"wp:term":[{"taxonomy":"category","embeddable":true,"href":"https:\/\/sindesvdf.com.br\/news\/wp-json\/wp\/v2\/categories?post=17666"},{"taxonomy":"post_tag","embeddable":true,"href":"https:\/\/sindesvdf.com.br\/news\/wp-json\/wp\/v2\/tags?post=17666"}],"curies":[{"name":"wp","href":"https:\/\/api.w.org\/{rel}","templated":true}]}}