{"id":17754,"date":"2025-07-16T10:02:35","date_gmt":"2025-07-16T13:02:35","guid":{"rendered":"https:\/\/sindesvdf.com.br\/news\/?p=17754"},"modified":"2025-08-07T08:45:45","modified_gmt":"2025-08-07T11:45:45","slug":"atencao-vigilantes-da-ipanema-resultado-da-audiencia-na-justica-do-trabalho-sobre-verbas-rescisorias","status":"publish","type":"post","link":"https:\/\/sindesvdf.com.br\/news\/atencao-vigilantes-da-ipanema-resultado-da-audiencia-na-justica-do-trabalho-sobre-verbas-rescisorias\/","title":{"rendered":"Aten\u00e7\u00e3o vigilantes da Ipanema: Resultado da audi\u00eancia na Justi\u00e7a do Trabalho sobre verbas rescis\u00f3rias"},"content":{"rendered":"<p data-start=\"274\" data-end=\"506\"><img loading=\"lazy\" decoding=\"async\" class=\"aligncenter size-full wp-image-17755\" src=\"https:\/\/sindesvdf.com.br\/news\/wp-content\/uploads\/2025\/07\/IPANEMA_VERBAS-.png\" alt=\"\" width=\"700\" height=\"400\" srcset=\"https:\/\/sindesvdf.com.br\/news\/wp-content\/uploads\/2025\/07\/IPANEMA_VERBAS-.png 700w, https:\/\/sindesvdf.com.br\/news\/wp-content\/uploads\/2025\/07\/IPANEMA_VERBAS--300x171.png 300w\" sizes=\"auto, (max-width: 700px) 100vw, 700px\" \/><\/p>\n<p data-start=\"274\" data-end=\"506\"><span style=\"font-size: 14pt;\">Em audi\u00eancia realizada na 17\u00aa Vara do Trabalho, nesta ter\u00e7a-feira, 15\/07\/2025, foi homologado o acordo referente ao pagamento das rescis\u00f5es dos vigilantes que eram da empresa Ipanema e prestavam servi\u00e7o na Secretaria de Sa\u00fade do DF.<\/span><\/p>\n<p data-start=\"508\" data-end=\"694\"><span style=\"font-size: 14pt;\">Ficou garantido o pagamento aos vigilantes, <strong data-start=\"552\" data-end=\"608\">exceto \u00e0queles que ingressaram com a\u00e7\u00f5es individuais<\/strong>, conforme exig\u00eancia do Minist\u00e9rio P\u00fablico do Trabalho e determina\u00e7\u00e3o do pr\u00f3prio juiz.<\/span><\/p>\n<p data-start=\"696\" data-end=\"1106\"><span style=\"font-size: 14pt;\">A respons\u00e1vel pelos pagamentos ser\u00e1 a Caixa Econ\u00f4mica Federal, que solicitou o prazo de at\u00e9 60 dias para realizar os dep\u00f3sitos, devido ao n\u00famero expressivo de trabalhadores beneficiados. O montante dispon\u00edvel no processo ainda n\u00e3o \u00e9 suficiente para quitar todos os valores devidos, por isso o juiz requisitar\u00e1 ao BRB o repasse dos recursos complementares \u00e0 Caixa, para assegurar o pagamento a todos e todas.<\/span><\/p>\n<p data-start=\"1108\" data-end=\"1235\"><span style=\"font-size: 14pt;\">O Sindicato est\u00e1 acompanhando de perto o processo e atuar\u00e1 para garantir a agilidade necess\u00e1ria at\u00e9 a conclus\u00e3o dos pagamentos.<\/span><\/p>\n<p data-start=\"1237\" data-end=\"1432\"><span style=\"font-size: 14pt;\">Informamos tamb\u00e9m que <strong data-start=\"1259\" data-end=\"1334\">n\u00e3o haver\u00e1 qualquer desconto nos valores que os vigilantes ir\u00e3o receber<\/strong>, uma vez que o SINDESV-DF patrocinou toda a a\u00e7\u00e3o coletiva, <strong data-start=\"1394\" data-end=\"1431\">sem custo algum aos trabalhadores<\/strong>.<\/span><\/p>\n<p class=\"wpf_wrapper\"><a class=\"print_link\" href=\"\" target=\"_blank\">Preparar para impress\u00e3o<\/a><\/p><!-- .wpf_wrapper -->","protected":false},"excerpt":{"rendered":"<p>Em audi\u00eancia realizada na 17\u00aa Vara do Trabalho, nesta ter\u00e7a-feira, 15\/07\/2025, foi homologado o acordo referente ao pagamento das rescis\u00f5es&hellip; <\/p>\n","protected":false},"author":4,"featured_media":17755,"comment_status":"closed","ping_status":"closed","sticky":false,"template":"","format":"standard","meta":{"footnotes":""},"categories":[7,115],"tags":[],"class_list":["post-17754","post","type-post","status-publish","format-standard","has-post-thumbnail","hentry","category-noticias","category-plantao-olho-vivo"],"jetpack_featured_media_url":"https:\/\/sindesvdf.com.br\/news\/wp-content\/uploads\/2025\/07\/IPANEMA_VERBAS-.png","_links":{"self":[{"href":"https:\/\/sindesvdf.com.br\/news\/wp-json\/wp\/v2\/posts\/17754","targetHints":{"allow":["GET"]}}],"collection":[{"href":"https:\/\/sindesvdf.com.br\/news\/wp-json\/wp\/v2\/posts"}],"about":[{"href":"https:\/\/sindesvdf.com.br\/news\/wp-json\/wp\/v2\/types\/post"}],"author":[{"embeddable":true,"href":"https:\/\/sindesvdf.com.br\/news\/wp-json\/wp\/v2\/users\/4"}],"replies":[{"embeddable":true,"href":"https:\/\/sindesvdf.com.br\/news\/wp-json\/wp\/v2\/comments?post=17754"}],"version-history":[{"count":2,"href":"https:\/\/sindesvdf.com.br\/news\/wp-json\/wp\/v2\/posts\/17754\/revisions"}],"predecessor-version":[{"id":17799,"href":"https:\/\/sindesvdf.com.br\/news\/wp-json\/wp\/v2\/posts\/17754\/revisions\/17799"}],"wp:featuredmedia":[{"embeddable":true,"href":"https:\/\/sindesvdf.com.br\/news\/wp-json\/wp\/v2\/media\/17755"}],"wp:attachment":[{"href":"https:\/\/sindesvdf.com.br\/news\/wp-json\/wp\/v2\/media?parent=17754"}],"wp:term":[{"taxonomy":"category","embeddable":true,"href":"https:\/\/sindesvdf.com.br\/news\/wp-json\/wp\/v2\/categories?post=17754"},{"taxonomy":"post_tag","embeddable":true,"href":"https:\/\/sindesvdf.com.br\/news\/wp-json\/wp\/v2\/tags?post=17754"}],"curies":[{"name":"wp","href":"https:\/\/api.w.org\/{rel}","templated":true}]}}