{"id":17758,"date":"2025-07-16T10:12:43","date_gmt":"2025-07-16T13:12:43","guid":{"rendered":"https:\/\/sindesvdf.com.br\/news\/?p=17758"},"modified":"2025-07-16T14:48:50","modified_gmt":"2025-07-16T17:48:50","slug":"vigilantes-sofrem-com-abusos-de-autoridade-nos-hospitais-do-df","status":"publish","type":"post","link":"https:\/\/sindesvdf.com.br\/news\/vigilantes-sofrem-com-abusos-de-autoridade-nos-hospitais-do-df\/","title":{"rendered":"Vigilantes sofrem com abusos de autoridade nos hospitais do DF"},"content":{"rendered":"<p data-start=\"196\" data-end=\"614\"><img loading=\"lazy\" decoding=\"async\" class=\"aligncenter size-full wp-image-17759\" src=\"https:\/\/sindesvdf.com.br\/news\/wp-content\/uploads\/2025\/07\/bombeiro.png\" alt=\"\" width=\"700\" height=\"400\" srcset=\"https:\/\/sindesvdf.com.br\/news\/wp-content\/uploads\/2025\/07\/bombeiro.png 700w, https:\/\/sindesvdf.com.br\/news\/wp-content\/uploads\/2025\/07\/bombeiro-300x171.png 300w\" sizes=\"auto, (max-width: 700px) 100vw, 700px\" \/><\/p>\n<p data-start=\"196\" data-end=\"614\"><span style=\"font-size: 14pt;\">Casos de desrespeito e agress\u00f5es contra vigilantes t\u00eam se repetido nos hospitais do Distrito Federal. Recentemente, um policial militar tentou impor atendimento priorit\u00e1rio e, ao ser orientado a seguir os protocolos, agrediu os vigilantes de plant\u00e3o. Agora, um novo epis\u00f3dio: um sargento da reserva do Corpo de Bombeiros deu voz de pris\u00e3o a uma vigilante por n\u00e3o conseguir visitar o pai, internado no Hospital de Base.<\/span><\/p>\n<p data-start=\"616\" data-end=\"1053\"><span style=\"font-size: 14pt;\">A ordem de n\u00e3o permitir a entrada partiu da equipe de enfermagem, pois o paciente j\u00e1 tinha um acompanhante e o hor\u00e1rio de visitas havia sido encerrado. Mesmo assim, sobrou para a vigilante, que, diante da situa\u00e7\u00e3o, acionou a Pol\u00edcia Militar do DF. O sargento, por sua vez, chamou o batalh\u00e3o onde serviu, mas foi constatado que a ordem de pris\u00e3o era abusiva. O militar foi conduzido \u00e0 5\u00aa Delegacia de Pol\u00edcia para prestar esclarecimentos.<\/span><\/p>\n<p data-start=\"1055\" data-end=\"1382\"><span style=\"font-size: 14pt;\">O SINDESV-DF esteve imediatamente na delegacia para prestar total apoio ao vigilante, com acompanhamento jur\u00eddico e suporte emocional. A entidade tamb\u00e9m denunciou o ocorrido \u00e0 imprensa e \u00e0s autoridades competentes, reafirmando que os profissionais apenas estavam cumprindo sua fun\u00e7\u00e3o, de acordo com os protocolos estabelecidos.<\/span><\/p>\n<p data-start=\"1384\" data-end=\"1700\"><span style=\"font-size: 14pt;\">O Sindicato aproveita para <strong data-start=\"1411\" data-end=\"1445\">reiterar a cobran\u00e7a ao IGES-DF<\/strong> pela contrata\u00e7\u00e3o urgente de mais vigilantes para o Hospital de Base, conforme compromisso firmado desde dezembro de 2024 e reafirmado em audi\u00eancia p\u00fablica na C\u00e2mara Legislativa que discutiu a crise na sa\u00fade e a inseguran\u00e7a enfrentada pelos profissionais.<\/span><\/p>\n<p data-start=\"1702\" data-end=\"2004\"><span style=\"font-size: 14pt;\">O SINDESV-DF <strong data-start=\"1715\" data-end=\"1778\">repudia com veem\u00eancia todos os casos de abuso de autoridade<\/strong> contra vigilantes, que diariamente enfrentam condi\u00e7\u00f5es adversas para garantir a seguran\u00e7a de pacientes, acompanhantes e profissionais da sa\u00fade. Exigir privil\u00e9gios e desrespeitar os protocolos institucionais n\u00e3o ser\u00e1 tolerado.<\/span><\/p>\n<p data-start=\"1702\" data-end=\"2004\">\n<p data-start=\"1702\" data-end=\"2004\"><span style=\"font-size: 14pt;\"><strong>Assista a reportagem do Bom Dia DF:\u00a0<\/strong><\/span><\/p>\n<div style=\"width: 1110px;\" class=\"wp-video\"><video class=\"wp-video-shortcode\" id=\"video-17758-1\" width=\"1110\" height=\"624\" preload=\"metadata\" controls=\"controls\"><source type=\"video\/mp4\" src=\"https:\/\/sindesvdf.com.br\/news\/wp-content\/uploads\/2025\/07\/Hbase-Bombeiro-gilmar.mp4?_=1\" \/><a href=\"https:\/\/sindesvdf.com.br\/news\/wp-content\/uploads\/2025\/07\/Hbase-Bombeiro-gilmar.mp4\">https:\/\/sindesvdf.com.br\/news\/wp-content\/uploads\/2025\/07\/Hbase-Bombeiro-gilmar.mp4<\/a><\/video><\/div>\n<p class=\"wpf_wrapper\"><a class=\"print_link\" href=\"\" target=\"_blank\">Preparar para impress\u00e3o<\/a><\/p><!-- .wpf_wrapper -->","protected":false},"excerpt":{"rendered":"<p>Casos de desrespeito e agress\u00f5es contra vigilantes t\u00eam se repetido nos hospitais do Distrito Federal. Recentemente, um policial militar tentou&hellip; <\/p>\n","protected":false},"author":4,"featured_media":17759,"comment_status":"closed","ping_status":"closed","sticky":false,"template":"","format":"standard","meta":{"footnotes":""},"categories":[115],"tags":[],"class_list":["post-17758","post","type-post","status-publish","format-standard","has-post-thumbnail","hentry","category-plantao-olho-vivo"],"jetpack_featured_media_url":"https:\/\/sindesvdf.com.br\/news\/wp-content\/uploads\/2025\/07\/bombeiro.png","_links":{"self":[{"href":"https:\/\/sindesvdf.com.br\/news\/wp-json\/wp\/v2\/posts\/17758","targetHints":{"allow":["GET"]}}],"collection":[{"href":"https:\/\/sindesvdf.com.br\/news\/wp-json\/wp\/v2\/posts"}],"about":[{"href":"https:\/\/sindesvdf.com.br\/news\/wp-json\/wp\/v2\/types\/post"}],"author":[{"embeddable":true,"href":"https:\/\/sindesvdf.com.br\/news\/wp-json\/wp\/v2\/users\/4"}],"replies":[{"embeddable":true,"href":"https:\/\/sindesvdf.com.br\/news\/wp-json\/wp\/v2\/comments?post=17758"}],"version-history":[{"count":3,"href":"https:\/\/sindesvdf.com.br\/news\/wp-json\/wp\/v2\/posts\/17758\/revisions"}],"predecessor-version":[{"id":17764,"href":"https:\/\/sindesvdf.com.br\/news\/wp-json\/wp\/v2\/posts\/17758\/revisions\/17764"}],"wp:featuredmedia":[{"embeddable":true,"href":"https:\/\/sindesvdf.com.br\/news\/wp-json\/wp\/v2\/media\/17759"}],"wp:attachment":[{"href":"https:\/\/sindesvdf.com.br\/news\/wp-json\/wp\/v2\/media?parent=17758"}],"wp:term":[{"taxonomy":"category","embeddable":true,"href":"https:\/\/sindesvdf.com.br\/news\/wp-json\/wp\/v2\/categories?post=17758"},{"taxonomy":"post_tag","embeddable":true,"href":"https:\/\/sindesvdf.com.br\/news\/wp-json\/wp\/v2\/tags?post=17758"}],"curies":[{"name":"wp","href":"https:\/\/api.w.org\/{rel}","templated":true}]}}