{"id":17765,"date":"2025-07-17T14:50:37","date_gmt":"2025-07-17T17:50:37","guid":{"rendered":"https:\/\/sindesvdf.com.br\/news\/?p=17765"},"modified":"2025-07-17T14:50:37","modified_gmt":"2025-07-17T17:50:37","slug":"esclarecimentos-importantes-aos-vigilantes-que-prestaram-servico-pelas-empresas-ipanema-e-aval-na-secretaria-de-saude-do-df","status":"publish","type":"post","link":"https:\/\/sindesvdf.com.br\/news\/esclarecimentos-importantes-aos-vigilantes-que-prestaram-servico-pelas-empresas-ipanema-e-aval-na-secretaria-de-saude-do-df\/","title":{"rendered":"Esclarecimentos importantes aos vigilantes que prestaram servi\u00e7o pelas empresas Ipanema e Aval na Secretaria de Sa\u00fade do DF"},"content":{"rendered":"<p><img loading=\"lazy\" decoding=\"async\" class=\"aligncenter size-full wp-image-17766\" src=\"https:\/\/sindesvdf.com.br\/news\/wp-content\/uploads\/2025\/07\/aval-e-ipanema-site.png\" alt=\"\" width=\"700\" height=\"400\" srcset=\"https:\/\/sindesvdf.com.br\/news\/wp-content\/uploads\/2025\/07\/aval-e-ipanema-site.png 700w, https:\/\/sindesvdf.com.br\/news\/wp-content\/uploads\/2025\/07\/aval-e-ipanema-site-300x171.png 300w\" sizes=\"auto, (max-width: 700px) 100vw, 700px\" \/><\/p>\n<p><span style=\"font-size: 14pt;\"><strong>PROCESSO DA IPANEMA<\/strong><\/span><br \/>\n<span style=\"font-size: 14pt;\">Na data de 15\/07\/2025, o acordo que hav\u00edamos celebrado com a Ipanema foi finalmente homologado. Por exig\u00eancia do Minist\u00e9rio P\u00fablico do Trabalho, da Procuradoria do Distrito Federal e do pr\u00f3prio juiz do Trabalho, os vigilantes que j\u00e1 haviam contratado advogados particulares e ajuizaram a\u00e7\u00e3o foram exclu\u00eddos do nosso processo. <\/span><br \/>\n<span style=\"font-size: 14pt;\">Segundo essas autoridades, ao contratar um advogado particular o vigilante deixou subentendido que n\u00e3o deseja participar do nosso acordo, al\u00e9m do fato que ele n\u00e3o pode receber duas vezes pelo mesmo objeto.<\/span><\/p>\n<p><span style=\"font-size: 14pt;\"><strong>PROCESSO DA AVAL<\/strong><\/span><br \/>\n<span style=\"font-size: 14pt;\">No caso da AVAL, o acordo j\u00e1 havia sido homologado, o alvar\u00e1 estava pronto e os valores j\u00e1 se encontravam na Caixa Econ\u00f4mica, aguardando libera\u00e7\u00e3o para pagamento.<\/span><br \/>\n<span style=\"font-size: 14pt;\">No entanto, cerca de 20 vigilantes haviam contratado advogados particulares e ingressado com a\u00e7\u00f5es individuais. Diante disso, a Procuradoria do Distrito Federal solicitou a suspens\u00e3o do pagamento e a exclus\u00e3o dessas pessoas do acordo. O juiz acatou o pedido e determinou que fossem retiradas da lista todos aqueles que j\u00e1 possu\u00edam processos individuais.<\/span><br \/>\n<span style=\"font-size: 14pt;\">Estamos agora finalizando uma nova rela\u00e7\u00e3o, com a exclus\u00e3o desses nomes, o que acabou provocando o atraso no pagamento.<\/span><br \/>\n<span style=\"font-size: 14pt;\">Infelizmente, esses companheiros, mesmo sem inten\u00e7\u00e3o, acabaram atrasando o recebimento dos demais que j\u00e1 estavam prestes a receber seus direitos.<\/span><\/p>\n<p><span style=\"font-size: 14pt;\"><strong>PROCESSOS INDIVIDUAIS<\/strong><\/span><br \/>\n<span style=\"font-size: 14pt;\">Aconselhamos que os vigilantes que j\u00e1 contrataram advogados e t\u00eam processos individuais em andamento sigam com suas a\u00e7\u00f5es, pois, por determina\u00e7\u00e3o do pr\u00f3prio juiz, essas pessoas ser\u00e3o exclu\u00eddas do processo conduzido pelo Sindicato, n\u00e3o por nossa vontade, mas por exig\u00eancia judicial. Pedimos que quem n\u00e3o entrou com a\u00e7\u00e3o individual, n\u00e3o o fa\u00e7a neste momento, para evitar novos atrasos que podem prejudicar os pr\u00f3prios companheiros que aguardam o pagamento.<\/span><br \/>\n<span style=\"font-size: 14pt;\">Estamos desenvolvendo todos os esfor\u00e7os para agilizar o pagamento de todos.<\/span><\/p>\n<p class=\"wpf_wrapper\"><a class=\"print_link\" href=\"\" target=\"_blank\">Preparar para impress\u00e3o<\/a><\/p><!-- .wpf_wrapper -->","protected":false},"excerpt":{"rendered":"<p>PROCESSO DA IPANEMA Na data de 15\/07\/2025, o acordo que hav\u00edamos celebrado com a Ipanema foi finalmente homologado. Por exig\u00eancia&hellip; <\/p>\n","protected":false},"author":4,"featured_media":17766,"comment_status":"closed","ping_status":"closed","sticky":false,"template":"","format":"standard","meta":{"footnotes":""},"categories":[115],"tags":[],"class_list":["post-17765","post","type-post","status-publish","format-standard","has-post-thumbnail","hentry","category-plantao-olho-vivo"],"jetpack_featured_media_url":"https:\/\/sindesvdf.com.br\/news\/wp-content\/uploads\/2025\/07\/aval-e-ipanema-site.png","_links":{"self":[{"href":"https:\/\/sindesvdf.com.br\/news\/wp-json\/wp\/v2\/posts\/17765","targetHints":{"allow":["GET"]}}],"collection":[{"href":"https:\/\/sindesvdf.com.br\/news\/wp-json\/wp\/v2\/posts"}],"about":[{"href":"https:\/\/sindesvdf.com.br\/news\/wp-json\/wp\/v2\/types\/post"}],"author":[{"embeddable":true,"href":"https:\/\/sindesvdf.com.br\/news\/wp-json\/wp\/v2\/users\/4"}],"replies":[{"embeddable":true,"href":"https:\/\/sindesvdf.com.br\/news\/wp-json\/wp\/v2\/comments?post=17765"}],"version-history":[{"count":1,"href":"https:\/\/sindesvdf.com.br\/news\/wp-json\/wp\/v2\/posts\/17765\/revisions"}],"predecessor-version":[{"id":17767,"href":"https:\/\/sindesvdf.com.br\/news\/wp-json\/wp\/v2\/posts\/17765\/revisions\/17767"}],"wp:featuredmedia":[{"embeddable":true,"href":"https:\/\/sindesvdf.com.br\/news\/wp-json\/wp\/v2\/media\/17766"}],"wp:attachment":[{"href":"https:\/\/sindesvdf.com.br\/news\/wp-json\/wp\/v2\/media?parent=17765"}],"wp:term":[{"taxonomy":"category","embeddable":true,"href":"https:\/\/sindesvdf.com.br\/news\/wp-json\/wp\/v2\/categories?post=17765"},{"taxonomy":"post_tag","embeddable":true,"href":"https:\/\/sindesvdf.com.br\/news\/wp-json\/wp\/v2\/tags?post=17765"}],"curies":[{"name":"wp","href":"https:\/\/api.w.org\/{rel}","templated":true}]}}