{"id":17816,"date":"2025-08-27T10:55:47","date_gmt":"2025-08-27T13:55:47","guid":{"rendered":"https:\/\/sindesvdf.com.br\/news\/?p=17816"},"modified":"2025-08-27T10:57:36","modified_gmt":"2025-08-27T13:57:36","slug":"agosto-lilas-combater-a-violencia-contra-a-mulher-e-compromisso-de-toda-a-sociedade","status":"publish","type":"post","link":"https:\/\/sindesvdf.com.br\/news\/agosto-lilas-combater-a-violencia-contra-a-mulher-e-compromisso-de-toda-a-sociedade\/","title":{"rendered":"Agosto Lil\u00e1s \u2013 Combater a viol\u00eancia contra a mulher \u00e9 compromisso de toda a sociedade"},"content":{"rendered":"<p><img loading=\"lazy\" decoding=\"async\" class=\"aligncenter size-full wp-image-17817\" src=\"https:\/\/sindesvdf.com.br\/news\/wp-content\/uploads\/2025\/08\/agosto-lilas-25.png\" alt=\"\" width=\"700\" height=\"400\" srcset=\"https:\/\/sindesvdf.com.br\/news\/wp-content\/uploads\/2025\/08\/agosto-lilas-25.png 700w, https:\/\/sindesvdf.com.br\/news\/wp-content\/uploads\/2025\/08\/agosto-lilas-25-300x171.png 300w\" sizes=\"auto, (max-width: 700px) 100vw, 700px\" \/><\/p>\n<p><span style=\"font-size: 14pt;\">O Agosto Lil\u00e1s \u00e9 a campanha nacional de conscientiza\u00e7\u00e3o sobre a viol\u00eancia contra a mulher. A cada ano, ganha mais for\u00e7a ao relembrar a import\u00e2ncia da Lei Maria da Penha, que em 2025 completa 19 anos.<\/span><\/p>\n<p><span style=\"font-size: 14pt;\">Entre os principais temas abordados est\u00e3o o feminic\u00eddio, a viol\u00eancia dom\u00e9stica (f\u00edsica, psicol\u00f3gica, sexual, moral e patrimonial), a desigualdade salarial, a discrimina\u00e7\u00e3o e todas as formas de ass\u00e9dio.<\/span><\/p>\n<p><span style=\"font-size: 14pt;\">Todos os dias, milhares de mulheres s\u00e3o v\u00edtimas de viol\u00eancia no Brasil. \u00c9 preciso encarar esse fato com seriedade e combater os ataques que acontecem em casa, no trabalho e nas ruas. Essa realidade precisa mudar. Agressores devem ser responsabilizados e punidos.<\/span><\/p>\n<p><span style=\"font-size: 14pt;\"><strong>Tipos de viol\u00eancia contra a mulher e sinais de alerta<\/strong><\/span><\/p>\n<p><span style=\"font-size: 14pt;\"><strong>F\u00edsica<\/strong> \u2013 empurr\u00f5es, tapas, chutes, socos, estrangulamento ou qualquer forma de agress\u00e3o ao corpo.<\/span><br \/>\n<span style=\"font-size: 14pt;\"><strong>Sinais<\/strong>: marcas, hematomas frequentes, desculpas repetidas sobre \u201cacidentes\u201d.<\/span><\/p>\n<p><span style=\"font-size: 14pt;\"><strong>Psicol\u00f3gica<\/strong> \u2013 amea\u00e7as, humilha\u00e7\u00f5es, xingamentos, isolamento, chantagem emocional ou controle sobre a vida da mulher.<\/span><br \/>\n<span style=\"font-size: 14pt;\"><strong>Sinais<\/strong>: medo constante, baixa autoestima, inseguran\u00e7a, afastamento de amigos e familiares.<\/span><\/p>\n<p><span style=\"font-size: 14pt;\"><strong>Sexual<\/strong> \u2013 for\u00e7ar rela\u00e7\u00f5es sexuais sem consentimento, impedir uso de contraceptivos ou obrigar pr\u00e1ticas indesejadas.<\/span><br \/>\n<span style=\"font-size: 14pt;\"><strong>Sinais<\/strong>: medo de intimidade, desconforto em rela\u00e7\u00e3o ao parceiro, vergonha ou retraimento.<\/span><\/p>\n<p><span style=\"font-size: 14pt;\"><strong>Patrimonial\/Financeira<\/strong> \u2013 controlar o dinheiro da v\u00edtima, destruir objetos pessoais, impedir de trabalhar ou estudar.<\/span><span style=\"font-size: 14pt;\"><br \/>\n<\/span><span style=\"font-size: 14pt;\"><strong>Sinais<\/strong>: falta de autonomia financeira, depend\u00eancia total do agressor, desaparecimento de documentos ou bens.<\/span><\/p>\n<p><span style=\"font-size: 14pt;\"><strong>Moral<\/strong> \u2013 cal\u00fania, difama\u00e7\u00e3o, exposi\u00e7\u00e3o da intimidade, ataques \u00e0 reputa\u00e7\u00e3o.<\/span><br \/>\n<span style=\"font-size: 14pt;\"><strong>Sinais<\/strong>: constrangimento em p\u00fablico, medo de se expor, isolamento social.<\/span><\/p>\n<p><span style=\"font-size: 14pt;\">\u00a0<strong>Aten\u00e7\u00e3o<\/strong>: os sinais podem come\u00e7ar de forma sutil, mas nunca devem ser ignorados.<\/span><br \/>\n<span style=\"font-size: 14pt;\">\ud83d\udcde <strong>Denuncie<\/strong>: ligue 180 (Central de Atendimento \u00e0 Mulher) ou procure a delegacia mais pr\u00f3xima.<\/span><\/p>\n<p><span style=\"font-size: 14pt;\">Essa luta \u00e9 de todos n\u00f3s.<\/span><br \/>\n<span style=\"font-size: 14pt;\"><strong>Mulher, n\u00e3o se cale. Denuncie.<\/strong><\/span><br \/>\n<span style=\"font-size: 14pt;\"><strong>Vigilante, apoie essa causa. Juntos, podemos construir um futuro em que cada mulher seja respeitada, valorizada e protegida.<\/strong><\/span><\/p>\n<p class=\"wpf_wrapper\"><a class=\"print_link\" href=\"\" target=\"_blank\">Preparar para impress\u00e3o<\/a><\/p><!-- .wpf_wrapper -->","protected":false},"excerpt":{"rendered":"<p>O Agosto Lil\u00e1s \u00e9 a campanha nacional de conscientiza\u00e7\u00e3o sobre a viol\u00eancia contra a mulher. A cada ano, ganha mais&hellip; <\/p>\n","protected":false},"author":4,"featured_media":17817,"comment_status":"closed","ping_status":"closed","sticky":false,"template":"","format":"standard","meta":{"footnotes":""},"categories":[101],"tags":[],"class_list":["post-17816","post","type-post","status-publish","format-standard","has-post-thumbnail","hentry","category-olho-vivo"],"jetpack_featured_media_url":"https:\/\/sindesvdf.com.br\/news\/wp-content\/uploads\/2025\/08\/agosto-lilas-25.png","_links":{"self":[{"href":"https:\/\/sindesvdf.com.br\/news\/wp-json\/wp\/v2\/posts\/17816","targetHints":{"allow":["GET"]}}],"collection":[{"href":"https:\/\/sindesvdf.com.br\/news\/wp-json\/wp\/v2\/posts"}],"about":[{"href":"https:\/\/sindesvdf.com.br\/news\/wp-json\/wp\/v2\/types\/post"}],"author":[{"embeddable":true,"href":"https:\/\/sindesvdf.com.br\/news\/wp-json\/wp\/v2\/users\/4"}],"replies":[{"embeddable":true,"href":"https:\/\/sindesvdf.com.br\/news\/wp-json\/wp\/v2\/comments?post=17816"}],"version-history":[{"count":3,"href":"https:\/\/sindesvdf.com.br\/news\/wp-json\/wp\/v2\/posts\/17816\/revisions"}],"predecessor-version":[{"id":17820,"href":"https:\/\/sindesvdf.com.br\/news\/wp-json\/wp\/v2\/posts\/17816\/revisions\/17820"}],"wp:featuredmedia":[{"embeddable":true,"href":"https:\/\/sindesvdf.com.br\/news\/wp-json\/wp\/v2\/media\/17817"}],"wp:attachment":[{"href":"https:\/\/sindesvdf.com.br\/news\/wp-json\/wp\/v2\/media?parent=17816"}],"wp:term":[{"taxonomy":"category","embeddable":true,"href":"https:\/\/sindesvdf.com.br\/news\/wp-json\/wp\/v2\/categories?post=17816"},{"taxonomy":"post_tag","embeddable":true,"href":"https:\/\/sindesvdf.com.br\/news\/wp-json\/wp\/v2\/tags?post=17816"}],"curies":[{"name":"wp","href":"https:\/\/api.w.org\/{rel}","templated":true}]}}