{"id":17825,"date":"2025-08-29T07:37:59","date_gmt":"2025-08-29T10:37:59","guid":{"rendered":"https:\/\/sindesvdf.com.br\/news\/?p=17825"},"modified":"2025-09-29T14:45:37","modified_gmt":"2025-09-29T17:45:37","slug":"informacoes-importantes-sobre-a-cct-2025","status":"publish","type":"post","link":"https:\/\/sindesvdf.com.br\/news\/informacoes-importantes-sobre-a-cct-2025\/","title":{"rendered":"Informa\u00e7\u00f5es importantes sobre a CCT 2025"},"content":{"rendered":"<p><img loading=\"lazy\" decoding=\"async\" class=\"aligncenter size-full wp-image-17827\" src=\"https:\/\/sindesvdf.com.br\/news\/wp-content\/uploads\/2025\/08\/cct25-atualizacao.png\" alt=\"\" width=\"700\" height=\"400\" srcset=\"https:\/\/sindesvdf.com.br\/news\/wp-content\/uploads\/2025\/08\/cct25-atualizacao.png 700w, https:\/\/sindesvdf.com.br\/news\/wp-content\/uploads\/2025\/08\/cct25-atualizacao-300x171.png 300w\" sizes=\"auto, (max-width: 700px) 100vw, 700px\" \/><\/p>\n<p><span style=\"font-size: 14pt;\">O Sindicato dos Vigilantes do Distrito Federal informa a toda a categoria que tem circulado nas redes sociais a Conven\u00e7\u00e3o Coletiva de Trabalho (CCT) referente ao processo em curso no <strong>Tribunal Regional do Trabalho (TRT)<\/strong>, respons\u00e1vel pela media\u00e7\u00e3o do acordo entre o Sindicato e o patronal.<\/span><\/p>\n<p><span style=\"font-size: 14pt;\">O TRT marcou para a pr\u00f3xima <strong>segunda-feira (1\u00ba de setembro) , \u00e0s 14h30, na sede do Tribunal<\/strong>, a audi\u00eancia em que ser\u00e1 realizada a assinatura entre as partes e, em seguida, a homologa\u00e7\u00e3o da Conven\u00e7\u00e3o.<\/span><\/p>\n<p><span style=\"font-size: 14pt;\">\u00c9 importante refor\u00e7ar que, enquanto a CCT n\u00e3o for homologada, <strong>ela n\u00e3o tem efeito jur\u00eddico<\/strong>. Por esse motivo, o Sindicato n\u00e3o se antecipou em divulgar qualquer informa\u00e7\u00e3o oficial sobre o acordo.<\/span><\/p>\n<p><span style=\"font-size: 14pt;\">Assim que a homologa\u00e7\u00e3o for conclu\u00edda, o Sindicato far\u00e1 a comunica\u00e7\u00e3o oficial para todos os vigilantes, trazendo os detalhes do acordo e a validade da <strong>CCT 2025<\/strong>.<\/span><\/p>\n<p><span style=\"font-size: 14pt;\">\u00a0<strong>Sindicato dos Vigilantes do DF \u2013 Juntos somos mais fortes!<\/strong><\/span><\/p>\n<div style=\"width: 1110px;\" class=\"wp-video\"><video class=\"wp-video-shortcode\" id=\"video-17825-1\" width=\"1110\" height=\"624\" preload=\"metadata\" controls=\"controls\"><source type=\"video\/mp4\" src=\"https:\/\/sindesvdf.com.br\/news\/wp-content\/uploads\/2025\/09\/PLANTAO-CONVENCAO-COLETIVA-DE-TRABALHO-2025.mp4?_=1\" \/><a href=\"https:\/\/sindesvdf.com.br\/news\/wp-content\/uploads\/2025\/09\/PLANTAO-CONVENCAO-COLETIVA-DE-TRABALHO-2025.mp4\">https:\/\/sindesvdf.com.br\/news\/wp-content\/uploads\/2025\/09\/PLANTAO-CONVENCAO-COLETIVA-DE-TRABALHO-2025.mp4<\/a><\/video><\/div>\n<p class=\"wpf_wrapper\"><a class=\"print_link\" href=\"\" target=\"_blank\">Preparar para impress\u00e3o<\/a><\/p><!-- .wpf_wrapper -->","protected":false},"excerpt":{"rendered":"<p>O Sindicato dos Vigilantes do Distrito Federal informa a toda a categoria que tem circulado nas redes sociais a Conven\u00e7\u00e3o&hellip; <\/p>\n","protected":false},"author":4,"featured_media":17827,"comment_status":"closed","ping_status":"closed","sticky":false,"template":"","format":"standard","meta":{"footnotes":""},"categories":[101,115],"tags":[],"class_list":["post-17825","post","type-post","status-publish","format-standard","has-post-thumbnail","hentry","category-olho-vivo","category-plantao-olho-vivo"],"jetpack_featured_media_url":"https:\/\/sindesvdf.com.br\/news\/wp-content\/uploads\/2025\/08\/cct25-atualizacao.png","_links":{"self":[{"href":"https:\/\/sindesvdf.com.br\/news\/wp-json\/wp\/v2\/posts\/17825","targetHints":{"allow":["GET"]}}],"collection":[{"href":"https:\/\/sindesvdf.com.br\/news\/wp-json\/wp\/v2\/posts"}],"about":[{"href":"https:\/\/sindesvdf.com.br\/news\/wp-json\/wp\/v2\/types\/post"}],"author":[{"embeddable":true,"href":"https:\/\/sindesvdf.com.br\/news\/wp-json\/wp\/v2\/users\/4"}],"replies":[{"embeddable":true,"href":"https:\/\/sindesvdf.com.br\/news\/wp-json\/wp\/v2\/comments?post=17825"}],"version-history":[{"count":2,"href":"https:\/\/sindesvdf.com.br\/news\/wp-json\/wp\/v2\/posts\/17825\/revisions"}],"predecessor-version":[{"id":17833,"href":"https:\/\/sindesvdf.com.br\/news\/wp-json\/wp\/v2\/posts\/17825\/revisions\/17833"}],"wp:featuredmedia":[{"embeddable":true,"href":"https:\/\/sindesvdf.com.br\/news\/wp-json\/wp\/v2\/media\/17827"}],"wp:attachment":[{"href":"https:\/\/sindesvdf.com.br\/news\/wp-json\/wp\/v2\/media?parent=17825"}],"wp:term":[{"taxonomy":"category","embeddable":true,"href":"https:\/\/sindesvdf.com.br\/news\/wp-json\/wp\/v2\/categories?post=17825"},{"taxonomy":"post_tag","embeddable":true,"href":"https:\/\/sindesvdf.com.br\/news\/wp-json\/wp\/v2\/tags?post=17825"}],"curies":[{"name":"wp","href":"https:\/\/api.w.org\/{rel}","templated":true}]}}