{"id":17831,"date":"2025-09-02T10:29:10","date_gmt":"2025-09-02T13:29:10","guid":{"rendered":"https:\/\/sindesvdf.com.br\/news\/?p=17831"},"modified":"2025-09-29T14:44:14","modified_gmt":"2025-09-29T17:44:14","slug":"campanha-salarial-2025-cct-assinada","status":"publish","type":"post","link":"https:\/\/sindesvdf.com.br\/news\/campanha-salarial-2025-cct-assinada\/","title":{"rendered":"Campanha Salarial 2025 \u2013 CCT assinada"},"content":{"rendered":"<p><img loading=\"lazy\" decoding=\"async\" class=\"aligncenter size-full wp-image-17834\" src=\"https:\/\/sindesvdf.com.br\/news\/wp-content\/uploads\/2025\/09\/CCT-ASSINADATRT.png\" alt=\"\" width=\"700\" height=\"400\" srcset=\"https:\/\/sindesvdf.com.br\/news\/wp-content\/uploads\/2025\/09\/CCT-ASSINADATRT.png 700w, https:\/\/sindesvdf.com.br\/news\/wp-content\/uploads\/2025\/09\/CCT-ASSINADATRT-300x171.png 300w\" sizes=\"auto, (max-width: 700px) 100vw, 700px\" \/><\/p>\n<p><span style=\"font-size: 14pt;\">No in\u00edcio da tarde desta segunda-feira, 1\u00ba de setembro de 2025, encerramos a nossa Campanha Salarial 2025 com a assinatura da Conven\u00e7\u00e3o Coletiva de Trabalho e a manuten\u00e7\u00e3o das nossas conquistas que foram todas arrancadas em anos de luta.<\/span><\/p>\n<p><span style=\"font-size: 14pt;\">A Assinatura aconteceu no Tribunal Regional do Trabalho \u2013 TRT 10 \u2013 com a participa\u00e7\u00e3o da desembargadora Fl\u00e1via Sim\u00f5es Falc\u00e3o, do presidente do Tribunal Jos\u00e9 Ribamar de Oliveira Lima J\u00fanior e do juiz mediador, Dr. Rog\u00e9rio Neiva. Nosso reconhecimento a todos pelo empenho e pela dedica\u00e7\u00e3o em contribuir para que o impasse fosse superado, em especial ao Dr. Rog\u00e9rio, que foi gigante ao apresentar uma proposta capaz de encerrar as negocia\u00e7\u00f5es que se arrastavam desde o ano passado, quando enviamos nossa Pauta de Reivindica\u00e7\u00f5es aos empres\u00e1rios.<\/span><\/p>\n<p><span style=\"font-size: 14pt;\">Apesar da resist\u00eancia patronal, que durou alguns meses, pois a proposta foi aprovada na Assembleia Geral dos Vigilantes no dia 1\u00ba de julho, prevaleceu o bom senso, diante de uma prov\u00e1vel greve, e finalmente os pontos foram acertados e a CCT assinada.<\/span><\/p>\n<p><span style=\"font-size: 14pt;\">Queremos agradecer aos vigilantes que se mantiveram firmes, com garra e coragem, participaram das assembleias e demonstraram disposi\u00e7\u00e3o de paralisar as atividades caso tentassem tirar o que nos \u00e9 sagrado, nossos direitos e conquistas.<\/span><\/p>\n<p><span style=\"font-size: 14pt;\">Agradecemos tamb\u00e9m ao apoio incondicional do deputado Chico Vigilante, sempre presente em nossas lutas e tamb\u00e9m agradecemos ao juiz do TRT 10, Dr. Rog\u00e9rio Neiva que intermediou as negocia\u00e7\u00f5es e foi firme em apresentar uma proposta vi\u00e1vel para os vigilantes.<\/span><\/p>\n<p><span style=\"font-size: 14pt;\">Em breve, chamaremos uma Assembleia para aprova\u00e7\u00e3o da Pauta de Reivindica\u00e7\u00f5es da Campanha Salarial 2026.<\/span><\/p>\n<p><span style=\"font-size: 14pt;\">Parab\u00e9ns a todos e todas por esta importante vit\u00f3ria, sofrida sim, demorada sim, mas, ao final vencemos a batalha.<\/span><\/p>\n<p><strong><span style=\"font-size: 14pt;\">VEJA COMO SER\u00c1 O PAGAMENTO DO RETROATIVO<\/span><\/strong><\/p>\n<p><span style=\"font-size: 14pt;\">Com reajuste nos sal\u00e1rios de 5% e o retroativo a 1\u00ba de janeiro de 2025 at\u00e9 1\u00ba de agosto de 2025, correspondendo a oito meses ser\u00e1 pago da seguinte forma:<\/span><\/p>\n<ul>\n<li><span style=\"font-size: 14pt;\"><strong>Meses de janeiro e fevereiro\/202<\/strong>5 \u2013 compet\u00eancia de setembro pago no 5\u00ba dia \u00fatil de outubro<\/span><\/li>\n<li><span style=\"font-size: 14pt;\"><strong>Meses de mar\u00e7o, abril e maio\/2025<\/strong> \u2013 compet\u00eancia de outubro pago no 5\u00ba dia \u00fatil de novembro<\/span><\/li>\n<li><span style=\"font-size: 14pt;\"><strong>Meses de junho, julho e agosto\/2025<\/strong> \u2013 compet\u00eancia de novembro pago no 5\u00ba dia \u00fatil de dezembro<\/span><\/li>\n<\/ul>\n<p><span style=\"font-size: 14pt;\">T\u00edquete alimenta\u00e7\u00e3o e demais cl\u00e1usulas financeiras, o reajuste foi de 4,77%, correspondendo ao INPC do per\u00edodo.<\/span><\/p>\n<p class=\"wpf_wrapper\"><a class=\"print_link\" href=\"\" target=\"_blank\">Preparar para impress\u00e3o<\/a><\/p><!-- .wpf_wrapper -->","protected":false},"excerpt":{"rendered":"<p>No in\u00edcio da tarde desta segunda-feira, 1\u00ba de setembro de 2025, encerramos a nossa Campanha Salarial 2025 com a assinatura&hellip; <\/p>\n","protected":false},"author":4,"featured_media":17834,"comment_status":"closed","ping_status":"closed","sticky":false,"template":"","format":"standard","meta":{"footnotes":""},"categories":[101,115],"tags":[],"class_list":["post-17831","post","type-post","status-publish","format-standard","has-post-thumbnail","hentry","category-olho-vivo","category-plantao-olho-vivo"],"jetpack_featured_media_url":"https:\/\/sindesvdf.com.br\/news\/wp-content\/uploads\/2025\/09\/CCT-ASSINADATRT.png","_links":{"self":[{"href":"https:\/\/sindesvdf.com.br\/news\/wp-json\/wp\/v2\/posts\/17831","targetHints":{"allow":["GET"]}}],"collection":[{"href":"https:\/\/sindesvdf.com.br\/news\/wp-json\/wp\/v2\/posts"}],"about":[{"href":"https:\/\/sindesvdf.com.br\/news\/wp-json\/wp\/v2\/types\/post"}],"author":[{"embeddable":true,"href":"https:\/\/sindesvdf.com.br\/news\/wp-json\/wp\/v2\/users\/4"}],"replies":[{"embeddable":true,"href":"https:\/\/sindesvdf.com.br\/news\/wp-json\/wp\/v2\/comments?post=17831"}],"version-history":[{"count":2,"href":"https:\/\/sindesvdf.com.br\/news\/wp-json\/wp\/v2\/posts\/17831\/revisions"}],"predecessor-version":[{"id":17867,"href":"https:\/\/sindesvdf.com.br\/news\/wp-json\/wp\/v2\/posts\/17831\/revisions\/17867"}],"wp:featuredmedia":[{"embeddable":true,"href":"https:\/\/sindesvdf.com.br\/news\/wp-json\/wp\/v2\/media\/17834"}],"wp:attachment":[{"href":"https:\/\/sindesvdf.com.br\/news\/wp-json\/wp\/v2\/media?parent=17831"}],"wp:term":[{"taxonomy":"category","embeddable":true,"href":"https:\/\/sindesvdf.com.br\/news\/wp-json\/wp\/v2\/categories?post=17831"},{"taxonomy":"post_tag","embeddable":true,"href":"https:\/\/sindesvdf.com.br\/news\/wp-json\/wp\/v2\/tags?post=17831"}],"curies":[{"name":"wp","href":"https:\/\/api.w.org\/{rel}","templated":true}]}}