{"id":17888,"date":"2025-10-09T16:55:25","date_gmt":"2025-10-09T19:55:25","guid":{"rendered":"https:\/\/sindesvdf.com.br\/news\/?p=17888"},"modified":"2025-10-13T10:55:29","modified_gmt":"2025-10-13T13:55:29","slug":"sindicato-prepara-grande-festa-para-o-dia-das-criancas","status":"publish","type":"post","link":"https:\/\/sindesvdf.com.br\/news\/sindicato-prepara-grande-festa-para-o-dia-das-criancas\/","title":{"rendered":"Sindicato prepara festa para o Dia das Crian\u00e7as"},"content":{"rendered":"<p data-start=\"200\" data-end=\"381\"><img loading=\"lazy\" decoding=\"async\" class=\"aligncenter size-full wp-image-17889\" src=\"https:\/\/sindesvdf.com.br\/news\/wp-content\/uploads\/2025\/10\/criancas25.png\" alt=\"\" width=\"700\" height=\"400\" srcset=\"https:\/\/sindesvdf.com.br\/news\/wp-content\/uploads\/2025\/10\/criancas25.png 700w, https:\/\/sindesvdf.com.br\/news\/wp-content\/uploads\/2025\/10\/criancas25-300x171.png 300w\" sizes=\"auto, (max-width: 700px) 100vw, 700px\" \/><\/p>\n<p data-start=\"200\" data-end=\"381\"><span style=\"font-size: 14pt;\">A dire\u00e7\u00e3o do Sindicato est\u00e1 organizando uma grande celebra\u00e7\u00e3o para o <strong>Dia das Crian\u00e7as<\/strong>, no dia 12 de outubro de 2025, repleta de divers\u00e3o, guloseimas e muitas brincadeiras!<\/span><\/p>\n<p data-start=\"383\" data-end=\"629\"><span style=\"font-size: 14pt;\">Durante todo o dia, haver\u00e1 pipoca, cachorro-quente, algod\u00e3o-doce, picol\u00e9, batata frita, refrigerante e muito mais. As crian\u00e7as poder\u00e3o se divertir com pintura de rosto, futebol, m\u00fasica, brinquedos infl\u00e1veis e outras atividades animadas.<\/span><\/p>\n<p data-start=\"631\" data-end=\"800\"><span style=\"font-size: 14pt;\">E para quem quiser se refrescar, a piscina estar\u00e1 liberada \u2014 n\u00e3o esque\u00e7a o mai\u00f4! O espa\u00e7o contar\u00e1 com salva-vidas garantindo a seguran\u00e7a de crian\u00e7as e adultos.<\/span><\/p>\n<p data-start=\"802\" data-end=\"916\"><span style=\"font-size: 14pt;\">A festa acontecer\u00e1 das 8h \u00e0s 17h, na \u00c1rea de Lazer dos Vigilantes, localizada na Ponte Alta do Gama.<\/span><\/p>\n<p data-start=\"918\" data-end=\"993\"><span style=\"font-size: 14pt;\">Prepare-se para um dia especial de alegria e confraterniza\u00e7\u00e3o em fam\u00edlia!<\/span><\/p>\n<p><span style=\"font-size: 14pt;\"><strong>Mas aten\u00e7\u00e3o!\u00a0<\/strong><\/span><br \/>\n<span style=\"font-size: 14pt;\">Por causa da nossa atividade especial no <strong data-start=\"248\" data-end=\"267\">domingo (12\/10)<\/strong>, a <strong data-start=\"271\" data-end=\"336\">\u00e1rea de lazer dos vigilantes estar\u00e1 fechada no s\u00e1bado (11\/10)<\/strong> para os preparativos.<\/span><br data-start=\"358\" data-end=\"361\" \/><span style=\"font-size: 14pt;\">Estamos preparando tudo para que o dia seja incr\u00edvel! \u00a0Vai ser divertido \u2014 esperamos por voc\u00eas com suas crian\u00e7as!<\/span><\/p>\n<p class=\"wpf_wrapper\"><a class=\"print_link\" href=\"\" target=\"_blank\">Preparar para impress\u00e3o<\/a><\/p><!-- .wpf_wrapper -->","protected":false},"excerpt":{"rendered":"<p>A dire\u00e7\u00e3o do Sindicato est\u00e1 organizando uma grande celebra\u00e7\u00e3o para o Dia das Crian\u00e7as, no dia 12 de outubro de&hellip; <\/p>\n","protected":false},"author":4,"featured_media":17889,"comment_status":"closed","ping_status":"closed","sticky":false,"template":"","format":"standard","meta":{"footnotes":""},"categories":[],"tags":[],"class_list":["post-17888","post","type-post","status-publish","format-standard","has-post-thumbnail","hentry"],"jetpack_featured_media_url":"https:\/\/sindesvdf.com.br\/news\/wp-content\/uploads\/2025\/10\/criancas25.png","_links":{"self":[{"href":"https:\/\/sindesvdf.com.br\/news\/wp-json\/wp\/v2\/posts\/17888","targetHints":{"allow":["GET"]}}],"collection":[{"href":"https:\/\/sindesvdf.com.br\/news\/wp-json\/wp\/v2\/posts"}],"about":[{"href":"https:\/\/sindesvdf.com.br\/news\/wp-json\/wp\/v2\/types\/post"}],"author":[{"embeddable":true,"href":"https:\/\/sindesvdf.com.br\/news\/wp-json\/wp\/v2\/users\/4"}],"replies":[{"embeddable":true,"href":"https:\/\/sindesvdf.com.br\/news\/wp-json\/wp\/v2\/comments?post=17888"}],"version-history":[{"count":5,"href":"https:\/\/sindesvdf.com.br\/news\/wp-json\/wp\/v2\/posts\/17888\/revisions"}],"predecessor-version":[{"id":17902,"href":"https:\/\/sindesvdf.com.br\/news\/wp-json\/wp\/v2\/posts\/17888\/revisions\/17902"}],"wp:featuredmedia":[{"embeddable":true,"href":"https:\/\/sindesvdf.com.br\/news\/wp-json\/wp\/v2\/media\/17889"}],"wp:attachment":[{"href":"https:\/\/sindesvdf.com.br\/news\/wp-json\/wp\/v2\/media?parent=17888"}],"wp:term":[{"taxonomy":"category","embeddable":true,"href":"https:\/\/sindesvdf.com.br\/news\/wp-json\/wp\/v2\/categories?post=17888"},{"taxonomy":"post_tag","embeddable":true,"href":"https:\/\/sindesvdf.com.br\/news\/wp-json\/wp\/v2\/tags?post=17888"}],"curies":[{"name":"wp","href":"https:\/\/api.w.org\/{rel}","templated":true}]}}