{"id":17894,"date":"2025-10-13T10:54:48","date_gmt":"2025-10-13T13:54:48","guid":{"rendered":"https:\/\/sindesvdf.com.br\/news\/?p=17894"},"modified":"2025-10-13T10:54:48","modified_gmt":"2025-10-13T13:54:48","slug":"sindesv-df-realiza-grande-evento-em-comemoracao-ao-dia-das-criancas","status":"publish","type":"post","link":"https:\/\/sindesvdf.com.br\/news\/sindesv-df-realiza-grande-evento-em-comemoracao-ao-dia-das-criancas\/","title":{"rendered":"Sindesv-DF realiza grande evento em comemora\u00e7\u00e3o ao Dia das Crian\u00e7as"},"content":{"rendered":"<p data-start=\"191\" data-end=\"443\"><img loading=\"lazy\" decoding=\"async\" class=\"aligncenter size-full wp-image-17900\" src=\"https:\/\/sindesvdf.com.br\/news\/wp-content\/uploads\/2025\/10\/criancas25resul.png\" alt=\"\" width=\"700\" height=\"400\" srcset=\"https:\/\/sindesvdf.com.br\/news\/wp-content\/uploads\/2025\/10\/criancas25resul.png 700w, https:\/\/sindesvdf.com.br\/news\/wp-content\/uploads\/2025\/10\/criancas25resul-300x171.png 300w\" sizes=\"auto, (max-width: 700px) 100vw, 700px\" \/><\/p>\n<p data-start=\"191\" data-end=\"443\"><span style=\"font-size: 14pt;\">O Sindicato dos Vigilantes do Distrito Federal promoveu, neste domingo (12 de outubro), uma linda festa em celebra\u00e7\u00e3o ao <strong data-start=\"316\" data-end=\"336\">Dia das Crian\u00e7as<\/strong>, reunindo filiados e seus familiares em um dia repleto de alegria, divers\u00e3o e confraterniza\u00e7\u00e3o.<\/span><\/p>\n<p data-start=\"445\" data-end=\"825\"><span style=\"font-size: 14pt;\">A \u00e1rea de lazer do Sindicato foi transformada em um espa\u00e7o especialmente preparado para receber as fam\u00edlias, com brinquedos infl\u00e1veis, pintura de rosto, m\u00fasica, futebol, pipoca, cachorro-quente, algod\u00e3o-doce, picol\u00e9 e refrigerante, al\u00e9m do sorteio de brindes especiais para as crian\u00e7as participantes. Tudo foi pensado com muito carinho para que o dia fosse inesquec\u00edvel.<\/span><\/p>\n<p data-start=\"827\" data-end=\"1038\"><span style=\"font-size: 14pt;\">O evento refor\u00e7ou o compromisso do Sindesv-DF em estar sempre pr\u00f3ximo da categoria, promovendo a\u00e7\u00f5es que valorizam os vigilantes e suas fam\u00edlias n\u00e3o apenas no campo profissional, mas tamb\u00e9m no conv\u00edvio social.<\/span><\/p>\n<p data-start=\"1040\" data-end=\"1180\"><span style=\"font-size: 14pt;\">O Sindicato seguir\u00e1 realizando iniciativas que fortale\u00e7am a uni\u00e3o da categoria e proporcionem momentos de lazer e bem-estar para todos.<\/span><\/p>\n<p class=\"wpf_wrapper\"><a class=\"print_link\" href=\"\" target=\"_blank\">Preparar para impress\u00e3o<\/a><\/p><!-- .wpf_wrapper -->","protected":false},"excerpt":{"rendered":"<p>O Sindicato dos Vigilantes do Distrito Federal promoveu, neste domingo (12 de outubro), uma linda festa em celebra\u00e7\u00e3o ao Dia&hellip; <\/p>\n","protected":false},"author":4,"featured_media":17900,"comment_status":"closed","ping_status":"closed","sticky":false,"template":"","format":"standard","meta":{"footnotes":""},"categories":[101],"tags":[],"class_list":["post-17894","post","type-post","status-publish","format-standard","has-post-thumbnail","hentry","category-olho-vivo"],"jetpack_featured_media_url":"https:\/\/sindesvdf.com.br\/news\/wp-content\/uploads\/2025\/10\/criancas25resul.png","_links":{"self":[{"href":"https:\/\/sindesvdf.com.br\/news\/wp-json\/wp\/v2\/posts\/17894","targetHints":{"allow":["GET"]}}],"collection":[{"href":"https:\/\/sindesvdf.com.br\/news\/wp-json\/wp\/v2\/posts"}],"about":[{"href":"https:\/\/sindesvdf.com.br\/news\/wp-json\/wp\/v2\/types\/post"}],"author":[{"embeddable":true,"href":"https:\/\/sindesvdf.com.br\/news\/wp-json\/wp\/v2\/users\/4"}],"replies":[{"embeddable":true,"href":"https:\/\/sindesvdf.com.br\/news\/wp-json\/wp\/v2\/comments?post=17894"}],"version-history":[{"count":1,"href":"https:\/\/sindesvdf.com.br\/news\/wp-json\/wp\/v2\/posts\/17894\/revisions"}],"predecessor-version":[{"id":17901,"href":"https:\/\/sindesvdf.com.br\/news\/wp-json\/wp\/v2\/posts\/17894\/revisions\/17901"}],"wp:featuredmedia":[{"embeddable":true,"href":"https:\/\/sindesvdf.com.br\/news\/wp-json\/wp\/v2\/media\/17900"}],"wp:attachment":[{"href":"https:\/\/sindesvdf.com.br\/news\/wp-json\/wp\/v2\/media?parent=17894"}],"wp:term":[{"taxonomy":"category","embeddable":true,"href":"https:\/\/sindesvdf.com.br\/news\/wp-json\/wp\/v2\/categories?post=17894"},{"taxonomy":"post_tag","embeddable":true,"href":"https:\/\/sindesvdf.com.br\/news\/wp-json\/wp\/v2\/tags?post=17894"}],"curies":[{"name":"wp","href":"https:\/\/api.w.org\/{rel}","templated":true}]}}