{"id":17907,"date":"2025-10-13T11:40:44","date_gmt":"2025-10-13T14:40:44","guid":{"rendered":"https:\/\/sindesvdf.com.br\/news\/?p=17907"},"modified":"2025-10-13T11:42:11","modified_gmt":"2025-10-13T14:42:11","slug":"campanha-salarial-2026-assembleia-para-aprovacao-da-pauta-de-reivindicacoes","status":"publish","type":"post","link":"https:\/\/sindesvdf.com.br\/news\/campanha-salarial-2026-assembleia-para-aprovacao-da-pauta-de-reivindicacoes\/","title":{"rendered":"Campanha Salarial 2026 \u2013 Assembleia para aprova\u00e7\u00e3o da Pauta de Reivindica\u00e7\u00f5es"},"content":{"rendered":"<p data-start=\"134\" data-end=\"520\"><img loading=\"lazy\" decoding=\"async\" class=\"wp-image-17906 size-full aligncenter\" src=\"https:\/\/sindesvdf.com.br\/news\/wp-content\/uploads\/2025\/10\/pauta25.png\" alt=\"\" width=\"700\" height=\"400\" srcset=\"https:\/\/sindesvdf.com.br\/news\/wp-content\/uploads\/2025\/10\/pauta25.png 700w, https:\/\/sindesvdf.com.br\/news\/wp-content\/uploads\/2025\/10\/pauta25-300x171.png 300w\" sizes=\"auto, (max-width: 700px) 100vw, 700px\" \/><\/p>\n<p data-start=\"134\" data-end=\"520\"><span style=\"font-size: 14pt;\">Chamamos todos os vigilantes de luta para participarem da <strong data-start=\"225\" data-end=\"308\">1\u00aa Assembleia de aprova\u00e7\u00e3o da Pauta de Reivindica\u00e7\u00f5es da Campanha Salarial 2026<\/strong>.<\/span><br data-start=\"309\" data-end=\"312\" \/><span style=\"font-size: 14pt;\">Ap\u00f3s a aprova\u00e7\u00e3o, a pauta ser\u00e1 entregue ao patronal \u2014 e queremos que as negocia\u00e7\u00f5es comecem ainda este ano. Caso tentem enrolar, a categoria j\u00e1 deve estar pronta para paralisa\u00e7\u00f5es no in\u00edcio de 2026.<\/span><\/p>\n<p data-start=\"522\" data-end=\"832\"><span style=\"font-size: 14pt;\">Na Campanha de 2025, o patronal bem que tentou segurar, mas no fim teve que ceder, assinar a CCT e garantir os reajustes retroativos aos vigilantes.<\/span><br data-start=\"682\" data-end=\"685\" \/><span style=\"font-size: 14pt;\">Ent\u00e3o, fica o recado: quanto antes apresentarem uma proposta decente, melhor.<\/span><br data-start=\"766\" data-end=\"769\" \/><span style=\"font-size: 14pt;\">N\u00e3o estamos aqui para engolir cara feia, amea\u00e7a ou chantagem.<\/span><\/p>\n<p data-start=\"834\" data-end=\"896\"><span style=\"font-size: 14pt;\"><strong data-start=\"837\" data-end=\"894\">Nosso grito de guerra nesta campanha \u00e9: Tudo ou tudo!<\/strong><\/span><\/p>\n<p data-start=\"898\" data-end=\"966\"><span style=\"font-size: 14pt;\">Esperamos voc\u00ea!<\/span><br data-start=\"917\" data-end=\"920\" \/><span style=\"font-size: 14pt;\">Confira o nosso <em data-start=\"940\" data-end=\"958\">Jornal Olho Vivo<\/em> aqui: <a href=\"https:\/\/bit.ly\/2Pvu8Un\">https:\/\/bit.ly\/2Pvu8Un<\/a><\/span><\/p>\n<p class=\"wpf_wrapper\"><a class=\"print_link\" href=\"\" target=\"_blank\">Preparar para impress\u00e3o<\/a><\/p><!-- .wpf_wrapper -->","protected":false},"excerpt":{"rendered":"<p>Chamamos todos os vigilantes de luta para participarem da 1\u00aa Assembleia de aprova\u00e7\u00e3o da Pauta de Reivindica\u00e7\u00f5es da Campanha Salarial&hellip; <\/p>\n","protected":false},"author":4,"featured_media":17906,"comment_status":"closed","ping_status":"closed","sticky":false,"template":"","format":"standard","meta":{"footnotes":""},"categories":[101],"tags":[],"class_list":["post-17907","post","type-post","status-publish","format-standard","has-post-thumbnail","hentry","category-olho-vivo"],"jetpack_featured_media_url":"https:\/\/sindesvdf.com.br\/news\/wp-content\/uploads\/2025\/10\/pauta25.png","_links":{"self":[{"href":"https:\/\/sindesvdf.com.br\/news\/wp-json\/wp\/v2\/posts\/17907","targetHints":{"allow":["GET"]}}],"collection":[{"href":"https:\/\/sindesvdf.com.br\/news\/wp-json\/wp\/v2\/posts"}],"about":[{"href":"https:\/\/sindesvdf.com.br\/news\/wp-json\/wp\/v2\/types\/post"}],"author":[{"embeddable":true,"href":"https:\/\/sindesvdf.com.br\/news\/wp-json\/wp\/v2\/users\/4"}],"replies":[{"embeddable":true,"href":"https:\/\/sindesvdf.com.br\/news\/wp-json\/wp\/v2\/comments?post=17907"}],"version-history":[{"count":2,"href":"https:\/\/sindesvdf.com.br\/news\/wp-json\/wp\/v2\/posts\/17907\/revisions"}],"predecessor-version":[{"id":17909,"href":"https:\/\/sindesvdf.com.br\/news\/wp-json\/wp\/v2\/posts\/17907\/revisions\/17909"}],"wp:featuredmedia":[{"embeddable":true,"href":"https:\/\/sindesvdf.com.br\/news\/wp-json\/wp\/v2\/media\/17906"}],"wp:attachment":[{"href":"https:\/\/sindesvdf.com.br\/news\/wp-json\/wp\/v2\/media?parent=17907"}],"wp:term":[{"taxonomy":"category","embeddable":true,"href":"https:\/\/sindesvdf.com.br\/news\/wp-json\/wp\/v2\/categories?post=17907"},{"taxonomy":"post_tag","embeddable":true,"href":"https:\/\/sindesvdf.com.br\/news\/wp-json\/wp\/v2\/tags?post=17907"}],"curies":[{"name":"wp","href":"https:\/\/api.w.org\/{rel}","templated":true}]}}