{"id":17920,"date":"2025-10-20T11:33:59","date_gmt":"2025-10-20T14:33:59","guid":{"rendered":"https:\/\/sindesvdf.com.br\/news\/?p=17920"},"modified":"2025-10-20T11:37:24","modified_gmt":"2025-10-20T14:37:24","slug":"assembleia-aprova-reajuste-de-65-e-manutencao-de-todas-as-conquistas","status":"publish","type":"post","link":"https:\/\/sindesvdf.com.br\/news\/assembleia-aprova-reajuste-de-65-e-manutencao-de-todas-as-conquistas\/","title":{"rendered":"Campanha Salarial 2026: Assembleia aprova reajuste de 6,5% e manuten\u00e7\u00e3o de todas as conquistas"},"content":{"rendered":"<p><img loading=\"lazy\" decoding=\"async\" class=\"aligncenter wp-image-17921 size-full\" src=\"https:\/\/sindesvdf.com.br\/news\/wp-content\/uploads\/2025\/10\/pauta26.png\" alt=\"\" width=\"700\" height=\"400\" srcset=\"https:\/\/sindesvdf.com.br\/news\/wp-content\/uploads\/2025\/10\/pauta26.png 700w, https:\/\/sindesvdf.com.br\/news\/wp-content\/uploads\/2025\/10\/pauta26-300x171.png 300w\" sizes=\"auto, (max-width: 700px) 100vw, 700px\" \/><\/p>\n<p><span style=\"font-size: 14pt;\">Audit\u00f3rio lotado! Assim foi a 1\u00aa Assembleia Geral da <strong>Campanha Salarial 2026,<\/strong> realizada com a presen\u00e7a de in\u00fameros vigilantes de luta.<\/span><br \/>\n<span style=\"font-size: 14pt;\">Durante o encontro, cada reivindica\u00e7\u00e3o foi apresentada, debatida e aperfei\u00e7oada com a participa\u00e7\u00e3o ativa da categoria, resultando na aprova\u00e7\u00e3o un\u00e2nime da Pauta de Reivindica\u00e7\u00f5es.<br \/>\n<\/span><br \/>\n<span style=\"font-size: 14pt;\">A assembleia deliberou por um reajuste salarial de 6,5%, o que representa 1,5% de ganho real acima do INPC.<\/span><br \/>\n<span style=\"font-size: 14pt;\">A pauta j\u00e1 foi assinada e homologada junto ao Sindicato Patronal nesta segunda-feira, 20 de outubro de 2025.<br \/>\n<\/span><br \/>\n<span style=\"font-size: 14pt;\">Agora, o pr\u00f3ximo passo \u00e9 fortalecer a mobiliza\u00e7\u00e3o, uni\u00e3o e participa\u00e7\u00e3o de todos os vigilantes para garantir uma negocia\u00e7\u00e3o r\u00e1pida e sem retrocessos.<\/span><\/p>\n<p><span style=\"font-size: 14pt;\">O Sindesv-DF segue em estado permanente de luta.<\/span><br \/>\n<span style=\"font-size: 14pt;\">Porque quem quer, luta!<\/span><\/p>\n<p class=\"wpf_wrapper\"><a class=\"print_link\" href=\"\" target=\"_blank\">Preparar para impress\u00e3o<\/a><\/p><!-- .wpf_wrapper -->","protected":false},"excerpt":{"rendered":"<p>Audit\u00f3rio lotado! Assim foi a 1\u00aa Assembleia Geral da Campanha Salarial 2026, realizada com a presen\u00e7a de in\u00fameros vigilantes de&hellip; <\/p>\n","protected":false},"author":4,"featured_media":17921,"comment_status":"closed","ping_status":"closed","sticky":false,"template":"","format":"standard","meta":{"footnotes":""},"categories":[],"tags":[],"class_list":["post-17920","post","type-post","status-publish","format-standard","has-post-thumbnail","hentry"],"jetpack_featured_media_url":"https:\/\/sindesvdf.com.br\/news\/wp-content\/uploads\/2025\/10\/pauta26.png","_links":{"self":[{"href":"https:\/\/sindesvdf.com.br\/news\/wp-json\/wp\/v2\/posts\/17920","targetHints":{"allow":["GET"]}}],"collection":[{"href":"https:\/\/sindesvdf.com.br\/news\/wp-json\/wp\/v2\/posts"}],"about":[{"href":"https:\/\/sindesvdf.com.br\/news\/wp-json\/wp\/v2\/types\/post"}],"author":[{"embeddable":true,"href":"https:\/\/sindesvdf.com.br\/news\/wp-json\/wp\/v2\/users\/4"}],"replies":[{"embeddable":true,"href":"https:\/\/sindesvdf.com.br\/news\/wp-json\/wp\/v2\/comments?post=17920"}],"version-history":[{"count":2,"href":"https:\/\/sindesvdf.com.br\/news\/wp-json\/wp\/v2\/posts\/17920\/revisions"}],"predecessor-version":[{"id":17923,"href":"https:\/\/sindesvdf.com.br\/news\/wp-json\/wp\/v2\/posts\/17920\/revisions\/17923"}],"wp:featuredmedia":[{"embeddable":true,"href":"https:\/\/sindesvdf.com.br\/news\/wp-json\/wp\/v2\/media\/17921"}],"wp:attachment":[{"href":"https:\/\/sindesvdf.com.br\/news\/wp-json\/wp\/v2\/media?parent=17920"}],"wp:term":[{"taxonomy":"category","embeddable":true,"href":"https:\/\/sindesvdf.com.br\/news\/wp-json\/wp\/v2\/categories?post=17920"},{"taxonomy":"post_tag","embeddable":true,"href":"https:\/\/sindesvdf.com.br\/news\/wp-json\/wp\/v2\/tags?post=17920"}],"curies":[{"name":"wp","href":"https:\/\/api.w.org\/{rel}","templated":true}]}}