{"id":17924,"date":"2025-10-24T08:43:16","date_gmt":"2025-10-24T11:43:16","guid":{"rendered":"https:\/\/sindesvdf.com.br\/news\/?p=17924"},"modified":"2025-10-24T08:45:18","modified_gmt":"2025-10-24T11:45:18","slug":"comunicado-expediente-27-de-outubro","status":"publish","type":"post","link":"https:\/\/sindesvdf.com.br\/news\/comunicado-expediente-27-de-outubro\/","title":{"rendered":"Comunicado Expediente: 27 de Outubro"},"content":{"rendered":"<p data-start=\"60\" data-end=\"385\"><img loading=\"lazy\" decoding=\"async\" class=\"aligncenter wp-image-17925 size-full\" src=\"https:\/\/sindesvdf.com.br\/news\/wp-content\/uploads\/2025\/10\/27-10-.png\" alt=\"\" width=\"700\" height=\"400\" srcset=\"https:\/\/sindesvdf.com.br\/news\/wp-content\/uploads\/2025\/10\/27-10-.png 700w, https:\/\/sindesvdf.com.br\/news\/wp-content\/uploads\/2025\/10\/27-10--300x171.png 300w\" sizes=\"auto, (max-width: 700px) 100vw, 700px\" \/><\/p>\n<p data-start=\"60\" data-end=\"385\"><span style=\"font-size: 14pt;\">Devido ao ponto facultativo decretado pelo Governo do Distrito Federal em raz\u00e3o do Dia do Servidor P\u00fablico, <strong data-start=\"189\" data-end=\"248\">n\u00e3o haver\u00e1 expediente no Sindicato dos Vigilantes do DF<\/strong> nesta segunda-feira, <strong data-start=\"270\" data-end=\"287\">27 de outubro<\/strong>.<\/span><br data-start=\"288\" data-end=\"291\" data-is-only-node=\"\" \/><span style=\"font-size: 14pt;\">O atendimento ser\u00e1 retomado normalmente na <strong data-start=\"334\" data-end=\"382\">ter\u00e7a-feira,<\/strong> 28\/10, a partir das 7h da manh\u00e3.<\/span><\/p>\n<p data-start=\"387\" data-end=\"400\"><span style=\"font-size: 14pt;\">A Diretoria<\/span><\/p>\n<p class=\"wpf_wrapper\"><a class=\"print_link\" href=\"\" target=\"_blank\">Preparar para impress\u00e3o<\/a><\/p><!-- .wpf_wrapper -->","protected":false},"excerpt":{"rendered":"<p>Devido ao ponto facultativo decretado pelo Governo do Distrito Federal em raz\u00e3o do Dia do Servidor P\u00fablico, n\u00e3o haver\u00e1 expediente&hellip; <\/p>\n","protected":false},"author":4,"featured_media":17925,"comment_status":"closed","ping_status":"closed","sticky":false,"template":"","format":"standard","meta":{"footnotes":""},"categories":[],"tags":[],"class_list":["post-17924","post","type-post","status-publish","format-standard","has-post-thumbnail","hentry"],"jetpack_featured_media_url":"https:\/\/sindesvdf.com.br\/news\/wp-content\/uploads\/2025\/10\/27-10-.png","_links":{"self":[{"href":"https:\/\/sindesvdf.com.br\/news\/wp-json\/wp\/v2\/posts\/17924","targetHints":{"allow":["GET"]}}],"collection":[{"href":"https:\/\/sindesvdf.com.br\/news\/wp-json\/wp\/v2\/posts"}],"about":[{"href":"https:\/\/sindesvdf.com.br\/news\/wp-json\/wp\/v2\/types\/post"}],"author":[{"embeddable":true,"href":"https:\/\/sindesvdf.com.br\/news\/wp-json\/wp\/v2\/users\/4"}],"replies":[{"embeddable":true,"href":"https:\/\/sindesvdf.com.br\/news\/wp-json\/wp\/v2\/comments?post=17924"}],"version-history":[{"count":2,"href":"https:\/\/sindesvdf.com.br\/news\/wp-json\/wp\/v2\/posts\/17924\/revisions"}],"predecessor-version":[{"id":17927,"href":"https:\/\/sindesvdf.com.br\/news\/wp-json\/wp\/v2\/posts\/17924\/revisions\/17927"}],"wp:featuredmedia":[{"embeddable":true,"href":"https:\/\/sindesvdf.com.br\/news\/wp-json\/wp\/v2\/media\/17925"}],"wp:attachment":[{"href":"https:\/\/sindesvdf.com.br\/news\/wp-json\/wp\/v2\/media?parent=17924"}],"wp:term":[{"taxonomy":"category","embeddable":true,"href":"https:\/\/sindesvdf.com.br\/news\/wp-json\/wp\/v2\/categories?post=17924"},{"taxonomy":"post_tag","embeddable":true,"href":"https:\/\/sindesvdf.com.br\/news\/wp-json\/wp\/v2\/tags?post=17924"}],"curies":[{"name":"wp","href":"https:\/\/api.w.org\/{rel}","templated":true}]}}