{"id":17957,"date":"2025-12-01T14:57:27","date_gmt":"2025-12-01T17:57:27","guid":{"rendered":"https:\/\/sindesvdf.com.br\/news\/?p=17957"},"modified":"2025-12-01T14:58:08","modified_gmt":"2025-12-01T17:58:08","slug":"vigilantes-do-gama-santa-maria-e-regiao-mostram-sua-forca-mobilizacao-e-luta-rumo-a-campanha-salarial-2026","status":"publish","type":"post","link":"https:\/\/sindesvdf.com.br\/news\/vigilantes-do-gama-santa-maria-e-regiao-mostram-sua-forca-mobilizacao-e-luta-rumo-a-campanha-salarial-2026\/","title":{"rendered":"Vigilantes do Gama, Santa Maria e regi\u00e3o mostram sua for\u00e7a: mobiliza\u00e7\u00e3o e luta rumo \u00e0 Campanha Salarial 2026"},"content":{"rendered":"<p data-start=\"212\" data-end=\"439\"><img loading=\"lazy\" decoding=\"async\" class=\"aligncenter wp-image-17958 size-full\" src=\"https:\/\/sindesvdf.com.br\/news\/wp-content\/uploads\/2025\/12\/gama-25-.png\" alt=\"\" width=\"700\" height=\"400\" srcset=\"https:\/\/sindesvdf.com.br\/news\/wp-content\/uploads\/2025\/12\/gama-25-.png 700w, https:\/\/sindesvdf.com.br\/news\/wp-content\/uploads\/2025\/12\/gama-25--300x171.png 300w\" sizes=\"auto, (max-width: 700px) 100vw, 700px\" \/><\/p>\n<p data-start=\"212\" data-end=\"439\"><span style=\"font-size: 14pt;\">O audit\u00f3rio do Lions Clube do Gama ficou lotado na manh\u00e3 de s\u00e1bado (29\/11\/2025), durante a assembleia regional que debateu as estrat\u00e9gias da Campanha Salarial 2026 e avaliou a disposi\u00e7\u00e3o da categoria para os desafios que vir\u00e3o.<\/span><\/p>\n<p data-start=\"441\" data-end=\"722\"><span style=\"font-size: 14pt;\">A presen\u00e7a expressiva e a participa\u00e7\u00e3o ativa deixaram claro: os vigilantes do Gama, Santa Maria e Regi\u00e3o est\u00e3o unidos, mobilizados e prontos para lutar por avan\u00e7os reais. N\u00e3o aceitaremos retrocessos, nem enrola\u00e7\u00e3o. <strong data-start=\"656\" data-end=\"722\">Precisamos de respeito. Precisamos de uma proposta decente j\u00e1.<\/strong><\/span><\/p>\n<p data-start=\"724\" data-end=\"884\"><span style=\"font-size: 14pt;\">A dire\u00e7\u00e3o do Sindesv-DF agradece a presen\u00e7a e o comprometimento de cada companheiro e companheira. A for\u00e7a dessa regi\u00e3o ser\u00e1 determinante na mesa de negocia\u00e7\u00e3o.<\/span><\/p>\n<p><span style=\"font-size: 14pt;\">Confira as fotos da assembleia aqui: <a href=\"https:\/\/bit.ly\/4pcUCZZ\">https:\/\/bit.ly\/4pcUCZZ<\/a><\/span><\/p>\n<p class=\"wpf_wrapper\"><a class=\"print_link\" href=\"\" target=\"_blank\">Preparar para impress\u00e3o<\/a><\/p><!-- .wpf_wrapper -->","protected":false},"excerpt":{"rendered":"<p>O audit\u00f3rio do Lions Clube do Gama ficou lotado na manh\u00e3 de s\u00e1bado (29\/11\/2025), durante a assembleia regional que debateu&hellip; <\/p>\n","protected":false},"author":4,"featured_media":17958,"comment_status":"closed","ping_status":"closed","sticky":false,"template":"","format":"standard","meta":{"footnotes":""},"categories":[],"tags":[],"class_list":["post-17957","post","type-post","status-publish","format-standard","has-post-thumbnail","hentry"],"jetpack_featured_media_url":"https:\/\/sindesvdf.com.br\/news\/wp-content\/uploads\/2025\/12\/gama-25-.png","_links":{"self":[{"href":"https:\/\/sindesvdf.com.br\/news\/wp-json\/wp\/v2\/posts\/17957","targetHints":{"allow":["GET"]}}],"collection":[{"href":"https:\/\/sindesvdf.com.br\/news\/wp-json\/wp\/v2\/posts"}],"about":[{"href":"https:\/\/sindesvdf.com.br\/news\/wp-json\/wp\/v2\/types\/post"}],"author":[{"embeddable":true,"href":"https:\/\/sindesvdf.com.br\/news\/wp-json\/wp\/v2\/users\/4"}],"replies":[{"embeddable":true,"href":"https:\/\/sindesvdf.com.br\/news\/wp-json\/wp\/v2\/comments?post=17957"}],"version-history":[{"count":2,"href":"https:\/\/sindesvdf.com.br\/news\/wp-json\/wp\/v2\/posts\/17957\/revisions"}],"predecessor-version":[{"id":17960,"href":"https:\/\/sindesvdf.com.br\/news\/wp-json\/wp\/v2\/posts\/17957\/revisions\/17960"}],"wp:featuredmedia":[{"embeddable":true,"href":"https:\/\/sindesvdf.com.br\/news\/wp-json\/wp\/v2\/media\/17958"}],"wp:attachment":[{"href":"https:\/\/sindesvdf.com.br\/news\/wp-json\/wp\/v2\/media?parent=17957"}],"wp:term":[{"taxonomy":"category","embeddable":true,"href":"https:\/\/sindesvdf.com.br\/news\/wp-json\/wp\/v2\/categories?post=17957"},{"taxonomy":"post_tag","embeddable":true,"href":"https:\/\/sindesvdf.com.br\/news\/wp-json\/wp\/v2\/tags?post=17957"}],"curies":[{"name":"wp","href":"https:\/\/api.w.org\/{rel}","templated":true}]}}