{"id":17982,"date":"2026-01-09T17:00:36","date_gmt":"2026-01-09T20:00:36","guid":{"rendered":"https:\/\/sindesvdf.com.br\/news\/?p=17982"},"modified":"2026-01-12T10:41:28","modified_gmt":"2026-01-12T13:41:28","slug":"sindesv-df-participa-de-reuniao-sobre-situacao-dos-vigilantes-no-ifb","status":"publish","type":"post","link":"https:\/\/sindesvdf.com.br\/news\/sindesv-df-participa-de-reuniao-sobre-situacao-dos-vigilantes-no-ifb\/","title":{"rendered":"SINDESV-DF participa de reuni\u00e3o sobre situa\u00e7\u00e3o dos vigilantes no IFB"},"content":{"rendered":"<p><img loading=\"lazy\" decoding=\"async\" class=\"aligncenter wp-image-17983 size-full\" src=\"https:\/\/sindesvdf.com.br\/news\/wp-content\/uploads\/2026\/01\/IFB.png\" alt=\"\" width=\"700\" height=\"400\" srcset=\"https:\/\/sindesvdf.com.br\/news\/wp-content\/uploads\/2026\/01\/IFB.png 700w, https:\/\/sindesvdf.com.br\/news\/wp-content\/uploads\/2026\/01\/IFB-300x171.png 300w\" sizes=\"auto, (max-width: 700px) 100vw, 700px\" \/><\/p>\n<p><span style=\"font-size: 14pt;\">O Sindicato dos Vigilantes do DF, juntamente com o deputado Chico Vigilante, esteve na tarde desta sexta-feira (09\/01) no Instituto Federal de Bras\u00edlia (IFB), em reuni\u00e3o com a reitora Veruska Machado e representantes da institui\u00e7\u00e3o \u2014 Anderson Galv\u00e3o, Rodrigo Alfani e Adriana Rodrigues.<\/span><\/p>\n<p><span style=\"font-size: 14pt;\">O encontro teve como pauta as demiss\u00f5es e as condi\u00e7\u00f5es de trabalho dos vigilantes que prestam servi\u00e7o no IFB por meio da empresa DIMIVIG. O Sindicato apresentou as preocupa\u00e7\u00f5es da categoria, buscou esclarecimentos e refor\u00e7ou a necessidade de respeito aos direitos dos trabalhadores, acompanhando de perto a situa\u00e7\u00e3o e os desdobramentos do caso.<\/span><\/p>\n<p class=\"wpf_wrapper\"><a class=\"print_link\" href=\"\" target=\"_blank\">Preparar para impress\u00e3o<\/a><\/p><!-- .wpf_wrapper -->","protected":false},"excerpt":{"rendered":"<p>O Sindicato dos Vigilantes do DF, juntamente com o deputado Chico Vigilante, esteve na tarde desta sexta-feira (09\/01) no Instituto&hellip; <\/p>\n","protected":false},"author":4,"featured_media":17983,"comment_status":"closed","ping_status":"closed","sticky":false,"template":"","format":"standard","meta":{"footnotes":""},"categories":[],"tags":[],"class_list":["post-17982","post","type-post","status-publish","format-standard","has-post-thumbnail","hentry"],"jetpack_featured_media_url":"https:\/\/sindesvdf.com.br\/news\/wp-content\/uploads\/2026\/01\/IFB.png","_links":{"self":[{"href":"https:\/\/sindesvdf.com.br\/news\/wp-json\/wp\/v2\/posts\/17982","targetHints":{"allow":["GET"]}}],"collection":[{"href":"https:\/\/sindesvdf.com.br\/news\/wp-json\/wp\/v2\/posts"}],"about":[{"href":"https:\/\/sindesvdf.com.br\/news\/wp-json\/wp\/v2\/types\/post"}],"author":[{"embeddable":true,"href":"https:\/\/sindesvdf.com.br\/news\/wp-json\/wp\/v2\/users\/4"}],"replies":[{"embeddable":true,"href":"https:\/\/sindesvdf.com.br\/news\/wp-json\/wp\/v2\/comments?post=17982"}],"version-history":[{"count":1,"href":"https:\/\/sindesvdf.com.br\/news\/wp-json\/wp\/v2\/posts\/17982\/revisions"}],"predecessor-version":[{"id":17984,"href":"https:\/\/sindesvdf.com.br\/news\/wp-json\/wp\/v2\/posts\/17982\/revisions\/17984"}],"wp:featuredmedia":[{"embeddable":true,"href":"https:\/\/sindesvdf.com.br\/news\/wp-json\/wp\/v2\/media\/17983"}],"wp:attachment":[{"href":"https:\/\/sindesvdf.com.br\/news\/wp-json\/wp\/v2\/media?parent=17982"}],"wp:term":[{"taxonomy":"category","embeddable":true,"href":"https:\/\/sindesvdf.com.br\/news\/wp-json\/wp\/v2\/categories?post=17982"},{"taxonomy":"post_tag","embeddable":true,"href":"https:\/\/sindesvdf.com.br\/news\/wp-json\/wp\/v2\/tags?post=17982"}],"curies":[{"name":"wp","href":"https:\/\/api.w.org\/{rel}","templated":true}]}}