{"id":18109,"date":"2026-04-27T09:53:06","date_gmt":"2026-04-27T12:53:06","guid":{"rendered":"https:\/\/sindesvdf.com.br\/news\/?p=18109"},"modified":"2026-04-28T09:01:47","modified_gmt":"2026-04-28T12:01:47","slug":"18109-2","status":"publish","type":"post","link":"https:\/\/sindesvdf.com.br\/news\/18109-2\/","title":{"rendered":"Vigilantes e fam\u00edlia ter\u00e3o um dia festivo no 1\u00ba de maio na \u00e1rea de lazer do Sindicato"},"content":{"rendered":"<p><img loading=\"lazy\" decoding=\"async\" class=\"size-full wp-image-18110 aligncenter\" src=\"https:\/\/sindesvdf.com.br\/news\/wp-content\/uploads\/2026\/04\/primeiro-maio-2026.png\" alt=\"\" width=\"700\" height=\"400\" srcset=\"https:\/\/sindesvdf.com.br\/news\/wp-content\/uploads\/2026\/04\/primeiro-maio-2026.png 700w, https:\/\/sindesvdf.com.br\/news\/wp-content\/uploads\/2026\/04\/primeiro-maio-2026-300x171.png 300w\" sizes=\"auto, (max-width: 700px) 100vw, 700px\" \/><\/p>\n<p><span style=\"font-size: 14pt;\">O Sindicato dos Vigilantes do Distrito Federal convida todos os vigilantes e seus familiares para participarem de uma grande celebra\u00e7\u00e3o em homenagem ao Dia do Trabalhador, no dia 1\u00ba de maio (sexta-feira), a partir das 8h da manh\u00e3.\u00a0<\/span><\/p>\n<p data-start=\"394\" data-end=\"643\"><span style=\"font-size: 14pt;\">Ser\u00e1 um dia especial, com diversas atra\u00e7\u00f5es, atividades recreativas, almo\u00e7o, refrigerantes, picol\u00e9s, sorteio de brindes e muito mais. Uma oportunidade para celebrar, descansar e aproveitar momentos de alegria ao lado de quem mais importa: a fam\u00edlia.<\/span><\/p>\n<p data-start=\"645\" data-end=\"725\"><span style=\"font-size: 14pt;\">A participa\u00e7\u00e3o \u00e9 destinada aos dependentes diretos (pai, m\u00e3e, c\u00f4njuge e filhos).<\/span><\/p>\n<p data-start=\"727\" data-end=\"905\"><span style=\"font-size: 14pt;\"><strong data-start=\"727\" data-end=\"759\">ORIENTA\u00c7\u00c3O AOS PARTICIPANTES<\/strong><\/span><br data-start=\"759\" data-end=\"762\" \/><span style=\"font-size: 14pt;\">Para garantir a seguran\u00e7a de todos, recomendamos que as bebidas sejam levadas em latas ou garrafas PET, evitando o uso de recipientes de vidro.<\/span><\/p>\n<p data-start=\"907\" data-end=\"1098\"><span style=\"font-size: 14pt;\"><strong data-start=\"907\" data-end=\"927\">AVISO IMPORTANTE<\/strong><\/span><\/p>\n<p data-start=\"753\" data-end=\"936\"><span style=\"font-size: 14pt;\">Em raz\u00e3o do feriado do <strong>Dia do Trabalhador (1\u00ba de Maio)<\/strong> e da realiza\u00e7\u00e3o da nossa grande festa na \u00e1rea de lazer,<strong> n\u00e3o haver\u00e1 expediente no SINDESV-DF nesta data.<\/strong><\/span><\/p>\n<p data-start=\"938\" data-end=\"1101\"><span style=\"font-size: 14pt;\">Al\u00e9m disso, informamos que<strong> a \u00e1rea de lazer estar\u00e1 fechada no s\u00e1bado, dia 02\/05\/2026<\/strong>, para limpeza e manuten\u00e7\u00e3o,<strong> retomando suas atividades normalmente no domingo.<\/strong><\/span><\/p>\n<p data-start=\"1103\" data-end=\"1241\"><span style=\"font-size: 14pt;\">Ressaltamos que \u00e9 obrigat\u00f3ria a apresenta\u00e7\u00e3o da carteirinha de associado na portaria da \u00e1rea de lazer, localizada na Ponte Alta do Gama.<\/span><\/p>\n<p data-start=\"1238\" data-end=\"1266\"><span style=\"font-size: 14pt;\">Contamos com a sua presen\u00e7a!<\/span><\/p>\n<div style=\"width: 1110px;\" class=\"wp-video\"><video class=\"wp-video-shortcode\" id=\"video-18109-1\" width=\"1110\" height=\"624\" preload=\"metadata\" controls=\"controls\"><source type=\"video\/mp4\" src=\"https:\/\/sindesvdf.com.br\/news\/wp-content\/uploads\/2026\/04\/convite-site.mp4?_=1\" \/><a href=\"https:\/\/sindesvdf.com.br\/news\/wp-content\/uploads\/2026\/04\/convite-site.mp4\">https:\/\/sindesvdf.com.br\/news\/wp-content\/uploads\/2026\/04\/convite-site.mp4<\/a><\/video><\/div>\n<p class=\"wpf_wrapper\"><a class=\"print_link\" href=\"\" target=\"_blank\">Preparar para impress\u00e3o<\/a><\/p><!-- .wpf_wrapper -->","protected":false},"excerpt":{"rendered":"<p>O Sindicato dos Vigilantes do Distrito Federal convida todos os vigilantes e seus familiares para participarem de uma grande celebra\u00e7\u00e3o&hellip; <\/p>\n","protected":false},"author":4,"featured_media":18110,"comment_status":"closed","ping_status":"closed","sticky":false,"template":"","format":"standard","meta":{"footnotes":""},"categories":[101],"tags":[],"class_list":["post-18109","post","type-post","status-publish","format-standard","has-post-thumbnail","hentry","category-olho-vivo"],"jetpack_featured_media_url":"https:\/\/sindesvdf.com.br\/news\/wp-content\/uploads\/2026\/04\/primeiro-maio-2026.png","_links":{"self":[{"href":"https:\/\/sindesvdf.com.br\/news\/wp-json\/wp\/v2\/posts\/18109","targetHints":{"allow":["GET"]}}],"collection":[{"href":"https:\/\/sindesvdf.com.br\/news\/wp-json\/wp\/v2\/posts"}],"about":[{"href":"https:\/\/sindesvdf.com.br\/news\/wp-json\/wp\/v2\/types\/post"}],"author":[{"embeddable":true,"href":"https:\/\/sindesvdf.com.br\/news\/wp-json\/wp\/v2\/users\/4"}],"replies":[{"embeddable":true,"href":"https:\/\/sindesvdf.com.br\/news\/wp-json\/wp\/v2\/comments?post=18109"}],"version-history":[{"count":6,"href":"https:\/\/sindesvdf.com.br\/news\/wp-json\/wp\/v2\/posts\/18109\/revisions"}],"predecessor-version":[{"id":18117,"href":"https:\/\/sindesvdf.com.br\/news\/wp-json\/wp\/v2\/posts\/18109\/revisions\/18117"}],"wp:featuredmedia":[{"embeddable":true,"href":"https:\/\/sindesvdf.com.br\/news\/wp-json\/wp\/v2\/media\/18110"}],"wp:attachment":[{"href":"https:\/\/sindesvdf.com.br\/news\/wp-json\/wp\/v2\/media?parent=18109"}],"wp:term":[{"taxonomy":"category","embeddable":true,"href":"https:\/\/sindesvdf.com.br\/news\/wp-json\/wp\/v2\/categories?post=18109"},{"taxonomy":"post_tag","embeddable":true,"href":"https:\/\/sindesvdf.com.br\/news\/wp-json\/wp\/v2\/tags?post=18109"}],"curies":[{"name":"wp","href":"https:\/\/api.w.org\/{rel}","templated":true}]}}