{"id":18121,"date":"2026-05-01T08:01:24","date_gmt":"2026-05-01T11:01:24","guid":{"rendered":"https:\/\/sindesvdf.com.br\/news\/?p=18121"},"modified":"2026-04-29T08:30:22","modified_gmt":"2026-04-29T11:30:22","slug":"1o-de-maio-uma-homenagem-e-luta-dos-vigilantes","status":"publish","type":"post","link":"https:\/\/sindesvdf.com.br\/news\/1o-de-maio-uma-homenagem-e-luta-dos-vigilantes\/","title":{"rendered":"1\u00ba de Maio: Uma Homenagem e Luta dos Vigilantes"},"content":{"rendered":"<p><img loading=\"lazy\" decoding=\"async\" class=\"size-full wp-image-18122 aligncenter\" src=\"https:\/\/sindesvdf.com.br\/news\/wp-content\/uploads\/2026\/04\/dia-do-trabalhador-26.png\" alt=\"\" width=\"700\" height=\"400\" srcset=\"https:\/\/sindesvdf.com.br\/news\/wp-content\/uploads\/2026\/04\/dia-do-trabalhador-26.png 700w, https:\/\/sindesvdf.com.br\/news\/wp-content\/uploads\/2026\/04\/dia-do-trabalhador-26-300x171.png 300w\" sizes=\"auto, (max-width: 700px) 100vw, 700px\" \/><\/p>\n<p><span style=\"font-size: 14pt;\">Neste Primeiro de Maio, o Sindicato dos Vigilantes do DF presta uma justa homenagem a todos os homens e mulheres que dedicam suas vidas \u00e0 prote\u00e7\u00e3o do patrim\u00f4nio e, acima de tudo, \u00e0 preserva\u00e7\u00e3o de vidas.<\/span><\/p>\n<p><span style=\"font-size: 14pt;\"><strong>A For\u00e7a da Vigil\u00e2ncia<\/strong><\/span><\/p>\n<p><span style=\"font-size: 14pt;\">O trabalho do vigilante n\u00e3o conhece feriados, madrugadas silenciosas ou condi\u00e7\u00f5es clim\u00e1ticas adversas. Enquanto a sociedade descansa ou celebra, voc\u00ea est\u00e1 l\u00e1: atento, resiliente e pronto para agir. Ser vigilante \u00e9 exercer uma profiss\u00e3o que exige mais do que presen\u00e7a t\u00e9cnica; exige coragem, \u00e9tica e um compromisso inabal\u00e1vel com a seguran\u00e7a coletiva.<\/span><\/p>\n<p><span style=\"font-size: 14pt;\">Nesta data simb\u00f3lica, celebramos tamb\u00e9m a trajet\u00f3ria de uni\u00e3o e conquistas da nossa categoria. Ao longo dos anos, transformamos o medo em mobiliza\u00e7\u00e3o e a invisibilidade em direitos garantidos:<\/span><\/p>\n<p><span style=\"font-size: 14pt;\">\u2022 <strong>Aposentadoria Especial:<\/strong> luta permanente pelo reconhecimento do risco da atividade;<\/span><br \/>\n<span style=\"font-size: 14pt;\">\u2022 <strong>Adicional de Periculosidade:<\/strong> uma conquista que valoriza o perigo enfrentado diariamente;<\/span><br \/>\n<span style=\"font-size: 14pt;\">\u2022 <strong>Dignidade Profissional:<\/strong> o enfrentamento cont\u00ednuo contra a precariza\u00e7\u00e3o e o desrespeito.<\/span><\/p>\n<p><span style=\"font-size: 14pt;\"><strong>Seguimos em Luta<\/strong><\/span><\/p>\n<p><span style=\"font-size: 14pt;\">O Dia do Trabalhador tamb\u00e9m \u00e9 momento de refor\u00e7ar que a nossa luta continua. Estamos mobilizados na campanha salarial 2026, defendendo melhores condi\u00e7\u00f5es de trabalho, valoriza\u00e7\u00e3o da categoria e respeito aos direitos dos vigilantes. Cada conquista \u00e9 fruto da uni\u00e3o e da participa\u00e7\u00e3o de todos.<\/span><\/p>\n<p><span style=\"font-size: 14pt;\"><strong>Um Compromisso com o Futuro<\/strong><\/span><\/p>\n<p><span style=\"font-size: 14pt;\">O Sindicato reafirma seu papel como escudo e voz do vigilante. N\u00e3o descansaremos enquanto houver injusti\u00e7as, escalas abusivas ou falta de condi\u00e7\u00f5es dignas de trabalho.<\/span><\/p>\n<p><span style=\"font-size: 14pt;\">Ao vigilante: seu olhar atento constr\u00f3i um amanh\u00e3 mais seguro para toda a sociedade. Parab\u00e9ns pela sua bravura e dedica\u00e7\u00e3o!<\/span><\/p>\n<p><span style=\"font-size: 14pt;\"><strong>Sindicato dos Vigilantes do DF \u2013 Juntos somos mais fortes!<\/strong><\/span><\/p>\n<p class=\"wpf_wrapper\"><a class=\"print_link\" href=\"\" target=\"_blank\">Preparar para impress\u00e3o<\/a><\/p><!-- .wpf_wrapper -->","protected":false},"excerpt":{"rendered":"<p>Neste Primeiro de Maio, o Sindicato dos Vigilantes do DF presta uma justa homenagem a todos os homens e mulheres&hellip; <\/p>\n","protected":false},"author":4,"featured_media":18122,"comment_status":"closed","ping_status":"closed","sticky":false,"template":"","format":"standard","meta":{"footnotes":""},"categories":[101],"tags":[],"class_list":["post-18121","post","type-post","status-publish","format-standard","has-post-thumbnail","hentry","category-olho-vivo"],"jetpack_featured_media_url":"https:\/\/sindesvdf.com.br\/news\/wp-content\/uploads\/2026\/04\/dia-do-trabalhador-26.png","_links":{"self":[{"href":"https:\/\/sindesvdf.com.br\/news\/wp-json\/wp\/v2\/posts\/18121","targetHints":{"allow":["GET"]}}],"collection":[{"href":"https:\/\/sindesvdf.com.br\/news\/wp-json\/wp\/v2\/posts"}],"about":[{"href":"https:\/\/sindesvdf.com.br\/news\/wp-json\/wp\/v2\/types\/post"}],"author":[{"embeddable":true,"href":"https:\/\/sindesvdf.com.br\/news\/wp-json\/wp\/v2\/users\/4"}],"replies":[{"embeddable":true,"href":"https:\/\/sindesvdf.com.br\/news\/wp-json\/wp\/v2\/comments?post=18121"}],"version-history":[{"count":3,"href":"https:\/\/sindesvdf.com.br\/news\/wp-json\/wp\/v2\/posts\/18121\/revisions"}],"predecessor-version":[{"id":18124,"href":"https:\/\/sindesvdf.com.br\/news\/wp-json\/wp\/v2\/posts\/18121\/revisions\/18124"}],"wp:featuredmedia":[{"embeddable":true,"href":"https:\/\/sindesvdf.com.br\/news\/wp-json\/wp\/v2\/media\/18122"}],"wp:attachment":[{"href":"https:\/\/sindesvdf.com.br\/news\/wp-json\/wp\/v2\/media?parent=18121"}],"wp:term":[{"taxonomy":"category","embeddable":true,"href":"https:\/\/sindesvdf.com.br\/news\/wp-json\/wp\/v2\/categories?post=18121"},{"taxonomy":"post_tag","embeddable":true,"href":"https:\/\/sindesvdf.com.br\/news\/wp-json\/wp\/v2\/tags?post=18121"}],"curies":[{"name":"wp","href":"https:\/\/api.w.org\/{rel}","templated":true}]}}