{"id":18271,"date":"2026-09-03T07:57:01","date_gmt":"2026-09-03T10:57:01","guid":{"rendered":"https:\/\/sindesvdf.com.br\/news\/?p=18271"},"modified":"2026-09-04T08:56:17","modified_gmt":"2026-09-04T11:56:17","slug":"18271-2","status":"publish","type":"post","link":"https:\/\/sindesvdf.com.br\/news\/18271-2\/","title":{"rendered":"Comunicado de Expediente \u2013 Dia da Independ\u00eancia"},"content":{"rendered":"<p><img loading=\"lazy\" decoding=\"async\" class=\"aligncenter wp-image-18272 size-full\" src=\"https:\/\/sindesvdf.com.br\/news\/wp-content\/uploads\/2026\/09\/7-de-setembro-2026.png\" alt=\"\" width=\"700\" height=\"400\" srcset=\"https:\/\/sindesvdf.com.br\/news\/wp-content\/uploads\/2026\/09\/7-de-setembro-2026.png 700w, https:\/\/sindesvdf.com.br\/news\/wp-content\/uploads\/2026\/09\/7-de-setembro-2026-300x171.png 300w\" sizes=\"auto, (max-width: 700px) 100vw, 700px\" \/><\/p>\n<p class=\"isSelectedEnd\"><span style=\"font-size: 14pt;\">Informamos que, em raz\u00e3o do feriado da <strong>Independ\u00eancia do Brasil<\/strong>, na segunda-feira, <strong>07 de setembro<\/strong>, o <strong>SINDESV-DF estar\u00e1 fechado<\/strong>.<\/span><\/p>\n<p class=\"isSelectedEnd\"><span style=\"font-size: 14pt;\">As atividades ser\u00e3o retomadas normalmente na <strong>ter\u00e7a-feira, 08 de setembro<\/strong>.<\/span><\/p>\n<p><span style=\"font-size: 14pt;\">\u00a0Desejamos a todos um excelente feriado!<\/span><\/p>\n<p class=\"wpf_wrapper\"><a class=\"print_link\" href=\"\" target=\"_blank\">Preparar para impress\u00e3o<\/a><\/p><!-- .wpf_wrapper -->","protected":false},"excerpt":{"rendered":"<p>Informamos que, em raz\u00e3o do feriado da Independ\u00eancia do Brasil, na segunda-feira, 07 de setembro, o SINDESV-DF estar\u00e1 fechado. As&hellip; <\/p>\n","protected":false},"author":4,"featured_media":18272,"comment_status":"closed","ping_status":"closed","sticky":false,"template":"","format":"standard","meta":{"footnotes":""},"categories":[],"tags":[],"class_list":["post-18271","post","type-post","status-publish","format-standard","has-post-thumbnail","hentry"],"jetpack_featured_media_url":"https:\/\/sindesvdf.com.br\/news\/wp-content\/uploads\/2026\/09\/7-de-setembro-2026.png","_links":{"self":[{"href":"https:\/\/sindesvdf.com.br\/news\/wp-json\/wp\/v2\/posts\/18271","targetHints":{"allow":["GET"]}}],"collection":[{"href":"https:\/\/sindesvdf.com.br\/news\/wp-json\/wp\/v2\/posts"}],"about":[{"href":"https:\/\/sindesvdf.com.br\/news\/wp-json\/wp\/v2\/types\/post"}],"author":[{"embeddable":true,"href":"https:\/\/sindesvdf.com.br\/news\/wp-json\/wp\/v2\/users\/4"}],"replies":[{"embeddable":true,"href":"https:\/\/sindesvdf.com.br\/news\/wp-json\/wp\/v2\/comments?post=18271"}],"version-history":[{"count":2,"href":"https:\/\/sindesvdf.com.br\/news\/wp-json\/wp\/v2\/posts\/18271\/revisions"}],"predecessor-version":[{"id":18275,"href":"https:\/\/sindesvdf.com.br\/news\/wp-json\/wp\/v2\/posts\/18271\/revisions\/18275"}],"wp:featuredmedia":[{"embeddable":true,"href":"https:\/\/sindesvdf.com.br\/news\/wp-json\/wp\/v2\/media\/18272"}],"wp:attachment":[{"href":"https:\/\/sindesvdf.com.br\/news\/wp-json\/wp\/v2\/media?parent=18271"}],"wp:term":[{"taxonomy":"category","embeddable":true,"href":"https:\/\/sindesvdf.com.br\/news\/wp-json\/wp\/v2\/categories?post=18271"},{"taxonomy":"post_tag","embeddable":true,"href":"https:\/\/sindesvdf.com.br\/news\/wp-json\/wp\/v2\/tags?post=18271"}],"curies":[{"name":"wp","href":"https:\/\/api.w.org\/{rel}","templated":true}]}}