{"id":2127,"date":"2014-07-15T14:42:33","date_gmt":"2014-07-15T17:42:33","guid":{"rendered":"http:\/\/sindesvdf.com.br\/news\/?p=2127"},"modified":"2014-09-04T16:41:11","modified_gmt":"2014-09-04T19:41:11","slug":"unb-capacita-vigilantes-com-curso-de-vigilancia-motorizada","status":"publish","type":"post","link":"https:\/\/sindesvdf.com.br\/news\/unb-capacita-vigilantes-com-curso-de-vigilancia-motorizada\/","title":{"rendered":"UnB capacita Vigilantes com curso de vigil\u00e2ncia motorizada"},"content":{"rendered":"<p><img decoding=\"async\" class=\"ngg_displayed_gallery mceItem aligncenter\" src=\"http:\/\/sindesvdf.com.br\/news\/nextgen-attach_to_post\/preview\/id--2144\" alt=\"\" \/><\/p>\n<p>&nbsp;<\/p>\n<hr \/>\n<div>Diante da crescente viol\u00eancia, inclusive na Universidade de Bras\u00edlia, o setor de seguran\u00e7a da UnB passou por processo de licita\u00e7\u00e3o e a empresa que assumiu teve aumento de postos para atender essa maior demanda por seguran\u00e7a, incluindo vigil\u00e2ncia motorizada, objetivando a redu\u00e7\u00e3o das ocorr\u00eancias.<\/div>\n<div>E para melhorar ainda mais os servi\u00e7os prestados, a reitoria da Universidade resolveu dar um curso de vigil\u00e2ncia motorizada para 36 Vigilantes do efetivo da UnB que passar\u00e3o a prestar esse servi\u00e7o. Em cada ronda, haver\u00e1 um vigilante masculino e um feminino, lembrando que o novo contrato incluiu uma cota de 15% do efetivo para as mulheres e que j\u00e1 est\u00e1 valendo para esse pr\u00f3ximo semestre.<\/div>\n<div>A necessidade do curso \u00e9 para adequar o servi\u00e7o de vigil\u00e2ncia \u00e0 realidade da UnB, sem descaracterizar a fun\u00e7\u00e3o dentro da lei 7102\/83 e a CCT.<\/div>\n<div>Dias do curso: 16 e 17 de julho com aulas te\u00f3ricas e pr\u00e1ticas.<\/div>\n<div>Ministrantes do curso: Bispo (coordenador geral de seguran\u00e7a da UnB); Josu\u00e9 Barbosa Guedes (chefe de seguran\u00e7a da UnB).<\/div>\n<div><\/div>\n<div>O Sindicato dos Vigilantes do DF est\u00e1 acompanhando o curso realizado pela UnB e parabeniza a reitoria da Universidade pela iniciativa que, al\u00e9m de buscar os objetivos relativos \u00e0 seguran\u00e7a da Universidade, tamb\u00e9m capacita ainda mais nossos Vigilantes, preparando-os para os novos desafios que se apresentam.<\/div>\n<p>&nbsp;<\/p>\n<p class=\"wpf_wrapper\"><a class=\"print_link\" href=\"\" target=\"_blank\">Preparar para impress\u00e3o<\/a><\/p><!-- .wpf_wrapper -->","protected":false},"excerpt":{"rendered":"<p>&nbsp; Diante da crescente viol\u00eancia, inclusive na Universidade de Bras\u00edlia, o setor de seguran\u00e7a da UnB passou por processo de&hellip; <\/p>\n","protected":false},"author":1,"featured_media":0,"comment_status":"open","ping_status":"closed","sticky":false,"template":"","format":"standard","meta":{"footnotes":""},"categories":[7],"tags":[],"class_list":["post-2127","post","type-post","status-publish","format-standard","hentry","category-noticias"],"jetpack_featured_media_url":"","_links":{"self":[{"href":"https:\/\/sindesvdf.com.br\/news\/wp-json\/wp\/v2\/posts\/2127","targetHints":{"allow":["GET"]}}],"collection":[{"href":"https:\/\/sindesvdf.com.br\/news\/wp-json\/wp\/v2\/posts"}],"about":[{"href":"https:\/\/sindesvdf.com.br\/news\/wp-json\/wp\/v2\/types\/post"}],"author":[{"embeddable":true,"href":"https:\/\/sindesvdf.com.br\/news\/wp-json\/wp\/v2\/users\/1"}],"replies":[{"embeddable":true,"href":"https:\/\/sindesvdf.com.br\/news\/wp-json\/wp\/v2\/comments?post=2127"}],"version-history":[{"count":5,"href":"https:\/\/sindesvdf.com.br\/news\/wp-json\/wp\/v2\/posts\/2127\/revisions"}],"predecessor-version":[{"id":2249,"href":"https:\/\/sindesvdf.com.br\/news\/wp-json\/wp\/v2\/posts\/2127\/revisions\/2249"}],"wp:attachment":[{"href":"https:\/\/sindesvdf.com.br\/news\/wp-json\/wp\/v2\/media?parent=2127"}],"wp:term":[{"taxonomy":"category","embeddable":true,"href":"https:\/\/sindesvdf.com.br\/news\/wp-json\/wp\/v2\/categories?post=2127"},{"taxonomy":"post_tag","embeddable":true,"href":"https:\/\/sindesvdf.com.br\/news\/wp-json\/wp\/v2\/tags?post=2127"}],"curies":[{"name":"wp","href":"https:\/\/api.w.org\/{rel}","templated":true}]}}