{"id":2378,"date":"2014-07-30T08:52:28","date_gmt":"2014-07-30T11:52:28","guid":{"rendered":"http:\/\/sindesvdf.com.br\/news\/?p=2378"},"modified":"2015-01-15T14:53:50","modified_gmt":"2015-01-15T16:53:50","slug":"sindicato-esclarece-duvidas-trabalhistas-dos-vigilantes-do-stf","status":"publish","type":"post","link":"https:\/\/sindesvdf.com.br\/news\/sindicato-esclarece-duvidas-trabalhistas-dos-vigilantes-do-stf\/","title":{"rendered":"Sindicato esclarece d\u00favidas trabalhistas dos Vigilantes do STF"},"content":{"rendered":"<p style=\"text-align: center;\"><img decoding=\"async\" class=\"ngg_displayed_gallery mceItem\" src=\"http:\/\/sindesvdf.com.br\/news\/nextgen-attach_to_post\/preview\/id--2382\" alt=\"\" \/><\/p>\n<hr \/>\n<div>Nos dias 24 e 25\/07 o Sindicato fez\u00a0reuni\u00e3o com os Vigilantes do Superior Tribunal Federal (STF) para esclarecer d\u00favidas trabalhistas. A reuni\u00e3o aconteceu em dois dias para que os Vigilantes dos dois turnos pudessem participar.<\/div>\n<div><\/div>\n<div>Foram abordados e esclarecidos temas como intrajornada, feriado trabalhado na jornada 12 x 36, licen\u00e7a, atestado m\u00e9dico, d\u00favidas sobre o INSS, banco de horas <em>(lembrando que o Sindicato dos Vigilantes do DF n\u00e3o aceita o Banco de Horas em sua CCT, pois ele \u00e9 prejudicial aos Vigilantes)<\/em>, como identificar se o trabalhador est\u00e1 sofrendo ass\u00e9dio moral, entre outras d\u00favidas do dia-a-dia.<\/div>\n<div><\/div>\n<div>Foram dois dias muito esclarecedores para esses companheiros e companheiras que tinham algumas reclama\u00e7\u00f5es e questionamentos. O Sindicato agradece aos Vigilantes pela participa\u00e7\u00e3o e \u00e0 administra\u00e7\u00e3o do STF por ter cedido espa\u00e7o para a realiza\u00e7\u00e3o do evento.<\/div>\n<div><\/div>\n<div><\/div>\n<div>Com esse mesmo objetivo o Sindicato marcar\u00e1 outras reuni\u00f5es com os Vigilantes dos demais \u00f3rg\u00e3os para ouvir e esclarecer d\u00favidas dos companheiros e companheiras.<\/div>\n<p class=\"wpf_wrapper\"><a class=\"print_link\" href=\"\" target=\"_blank\">Preparar para impress\u00e3o<\/a><\/p><!-- .wpf_wrapper -->","protected":false},"excerpt":{"rendered":"<p>Nos dias 24 e 25\/07 o Sindicato fez\u00a0reuni\u00e3o com os Vigilantes do Superior Tribunal Federal (STF) para esclarecer d\u00favidas trabalhistas.&hellip; <\/p>\n","protected":false},"author":1,"featured_media":0,"comment_status":"closed","ping_status":"closed","sticky":false,"template":"","format":"standard","meta":{"footnotes":""},"categories":[7],"tags":[],"class_list":["post-2378","post","type-post","status-publish","format-standard","hentry","category-noticias"],"jetpack_featured_media_url":"","_links":{"self":[{"href":"https:\/\/sindesvdf.com.br\/news\/wp-json\/wp\/v2\/posts\/2378","targetHints":{"allow":["GET"]}}],"collection":[{"href":"https:\/\/sindesvdf.com.br\/news\/wp-json\/wp\/v2\/posts"}],"about":[{"href":"https:\/\/sindesvdf.com.br\/news\/wp-json\/wp\/v2\/types\/post"}],"author":[{"embeddable":true,"href":"https:\/\/sindesvdf.com.br\/news\/wp-json\/wp\/v2\/users\/1"}],"replies":[{"embeddable":true,"href":"https:\/\/sindesvdf.com.br\/news\/wp-json\/wp\/v2\/comments?post=2378"}],"version-history":[{"count":4,"href":"https:\/\/sindesvdf.com.br\/news\/wp-json\/wp\/v2\/posts\/2378\/revisions"}],"predecessor-version":[{"id":2381,"href":"https:\/\/sindesvdf.com.br\/news\/wp-json\/wp\/v2\/posts\/2378\/revisions\/2381"}],"wp:attachment":[{"href":"https:\/\/sindesvdf.com.br\/news\/wp-json\/wp\/v2\/media?parent=2378"}],"wp:term":[{"taxonomy":"category","embeddable":true,"href":"https:\/\/sindesvdf.com.br\/news\/wp-json\/wp\/v2\/categories?post=2378"},{"taxonomy":"post_tag","embeddable":true,"href":"https:\/\/sindesvdf.com.br\/news\/wp-json\/wp\/v2\/tags?post=2378"}],"curies":[{"name":"wp","href":"https:\/\/api.w.org\/{rel}","templated":true}]}}