{"id":3312,"date":"2014-09-11T16:43:39","date_gmt":"2014-09-11T19:43:39","guid":{"rendered":"http:\/\/sindesvdf.com.br\/news\/?p=3312"},"modified":"2014-09-12T16:31:03","modified_gmt":"2014-09-12T19:31:03","slug":"mais-de-5-mil-associados-e-familiares-prestigiam-festa-do-sindicato-dos-vigilantes-do-df","status":"publish","type":"post","link":"https:\/\/sindesvdf.com.br\/news\/mais-de-5-mil-associados-e-familiares-prestigiam-festa-do-sindicato-dos-vigilantes-do-df\/","title":{"rendered":"Mais de 5 mil associados e familiares prestigiam festa do Sindicato dos Vigilantes do DF"},"content":{"rendered":"<div style=\"font-size: 14pt; font-family: HelveticaNeue, Helvetica Neue, Helvetica, Arial, Lucida Grande, sans-serif; color: #000; background-color: #fff;\">\n<div><\/div>\n<address style=\"text-align: center;\"><em><a title=\"Festa dos Vigilantes 2014 em 250 fotos\" href=\"http:\/\/sindesvdf.com.br\/news\/festa-dos-vigilantes-2014\/\" target=\"_blank\"><img loading=\"lazy\" decoding=\"async\" class=\"aligncenter size-full wp-image-3317\" src=\"http:\/\/sindesvdf.com.br\/news\/wp-content\/uploads\/2014\/09\/Festa-Vigilantes2-1491.jpg\" alt=\"Festa Vigilantes2 (149)\" width=\"640\" height=\"427\" srcset=\"https:\/\/sindesvdf.com.br\/news\/wp-content\/uploads\/2014\/09\/Festa-Vigilantes2-1491.jpg 640w, https:\/\/sindesvdf.com.br\/news\/wp-content\/uploads\/2014\/09\/Festa-Vigilantes2-1491-300x200.jpg 300w, https:\/\/sindesvdf.com.br\/news\/wp-content\/uploads\/2014\/09\/Festa-Vigilantes2-1491-600x400.jpg 600w, https:\/\/sindesvdf.com.br\/news\/wp-content\/uploads\/2014\/09\/Festa-Vigilantes2-1491-80x53.jpg 80w, https:\/\/sindesvdf.com.br\/news\/wp-content\/uploads\/2014\/09\/Festa-Vigilantes2-1491-150x100.jpg 150w\" sizes=\"auto, (max-width: 640px) 100vw, 640px\" \/><\/a><span style=\"font-size: 12px;\">(Clique na foto para acessar a galeria de fotos)<\/span><\/em><\/address>\n<div>\n<hr \/>\n<\/div>\n<div>Em mais uma edi\u00e7\u00e3o da festa anual de confraterniza\u00e7\u00e3o, o Sindicato dos Vigilantes do Distrito Federal (SINDESV-DF) reuniu um p\u00fablico estimado em mais de cinco mil pessoas, entre filiados e familiares, no \u00faltimo s\u00e1bado (6\/9), na \u00e1rea de lazer da entidade, na Ponte Alta-Gama-DF.<br \/>\nDurante o evento, a CUT Bras\u00edlia, atrav\u00e9s de seu presidente Rodrigo Britto, levou uma placa homenageando a parceria do SINDESV-DF nos 30 anos de exist\u00eancia da Central. Ele lembrou que o primeiro presidente da CUT Bras\u00edlia foi um Vigilante, o nosso companheiro Chico Vigilante, diretor licenciado do SINDESV-DF e tamb\u00e9m da Confedera\u00e7\u00e3o Nacional dos Vigilantes (CNTV).<br \/>\nDurante a homenagem e entrega da placa alusiva, Rodrigo Brito afirmou que os Vigilantes t\u00eam papel fundamental n\u00e3o s\u00f3 na funda\u00e7\u00e3o da CUT Bras\u00edlia, ocorrida em 1984, mas tamb\u00e9m na consolida\u00e7\u00e3o da Central, no fortalecimento de outros sindicatos de trabalhadores e na organiza\u00e7\u00e3o das lutas e conquistas da classe trabalhadora nestas tr\u00eas d\u00e9cadas.<br \/>\nAl\u00e9m de churrasco a vontade, teve corte de cabelo, exame de vista, medi\u00e7\u00e3o de glicemia, pintura infantil, brinquedos, torneio infantil de futebol, sorteio de bicicletas, entre outras atividades. A festa foi animada pela banda Carisma.<br \/>\nO torneio de futebol contou com a empolga\u00e7\u00e3o das crian\u00e7as e ao final duas bicicletas, doadas pelas empresas Lema Seguran\u00e7a e Bras\u00edlia Seguran\u00e7a foram sorteadas entre a garotada.<br \/>\nA dire\u00e7\u00e3o do Sindicato agradece a presen\u00e7a de diretores do SINDVIG-Goi\u00e2nia que compareceram ao evento e que, de agora em diante, estar\u00e3o sintonizados com o SINDESV-DF na luta em defesa da categoria.<br \/>\nPor fim, agradecemos imensamente a presen\u00e7a dos Vigilantes e seus familiares que passaram um dia alegre, divertido e com fartura de comida. Aqueles que n\u00e3o tinham carro tiveram \u00e0 sua disposi\u00e7\u00e3o \u00f4nibus modernos, propiciando muito conforto no trajeto casa\/\u00e1rea de lazer\/casa.<\/div>\n<div><\/div>\n<div>No ano que vem tem mais.<\/div>\n<\/div>\n<p class=\"wpf_wrapper\"><a class=\"print_link\" href=\"\" target=\"_blank\">Preparar para impress\u00e3o<\/a><\/p><!-- .wpf_wrapper -->","protected":false},"excerpt":{"rendered":"<p>(Clique na foto para acessar a galeria de fotos) Em mais uma edi\u00e7\u00e3o da festa anual de confraterniza\u00e7\u00e3o, o Sindicato&hellip; <\/p>\n","protected":false},"author":1,"featured_media":0,"comment_status":"closed","ping_status":"closed","sticky":false,"template":"","format":"standard","meta":{"footnotes":""},"categories":[],"tags":[],"class_list":["post-3312","post","type-post","status-publish","format-standard","hentry"],"jetpack_featured_media_url":"","_links":{"self":[{"href":"https:\/\/sindesvdf.com.br\/news\/wp-json\/wp\/v2\/posts\/3312","targetHints":{"allow":["GET"]}}],"collection":[{"href":"https:\/\/sindesvdf.com.br\/news\/wp-json\/wp\/v2\/posts"}],"about":[{"href":"https:\/\/sindesvdf.com.br\/news\/wp-json\/wp\/v2\/types\/post"}],"author":[{"embeddable":true,"href":"https:\/\/sindesvdf.com.br\/news\/wp-json\/wp\/v2\/users\/1"}],"replies":[{"embeddable":true,"href":"https:\/\/sindesvdf.com.br\/news\/wp-json\/wp\/v2\/comments?post=3312"}],"version-history":[{"count":6,"href":"https:\/\/sindesvdf.com.br\/news\/wp-json\/wp\/v2\/posts\/3312\/revisions"}],"predecessor-version":[{"id":3320,"href":"https:\/\/sindesvdf.com.br\/news\/wp-json\/wp\/v2\/posts\/3312\/revisions\/3320"}],"wp:attachment":[{"href":"https:\/\/sindesvdf.com.br\/news\/wp-json\/wp\/v2\/media?parent=3312"}],"wp:term":[{"taxonomy":"category","embeddable":true,"href":"https:\/\/sindesvdf.com.br\/news\/wp-json\/wp\/v2\/categories?post=3312"},{"taxonomy":"post_tag","embeddable":true,"href":"https:\/\/sindesvdf.com.br\/news\/wp-json\/wp\/v2\/tags?post=3312"}],"curies":[{"name":"wp","href":"https:\/\/api.w.org\/{rel}","templated":true}]}}