{"id":3502,"date":"2014-10-29T11:16:32","date_gmt":"2014-10-29T13:16:32","guid":{"rendered":"http:\/\/sindesvdf.com.br\/news\/?p=3502"},"modified":"2014-10-29T12:46:39","modified_gmt":"2014-10-29T14:46:39","slug":"pedido-de-doacao-de-medula-ossea","status":"publish","type":"post","link":"https:\/\/sindesvdf.com.br\/news\/pedido-de-doacao-de-medula-ossea\/","title":{"rendered":"PEDIDO DE DOA\u00c7\u00c3O DE MEDULA \u00d3SSEA"},"content":{"rendered":"<p>[row][column lg=&#8221;6&#8243; md=&#8221;12&#8243; sm=&#8221;12&#8243; xs=&#8221;12&#8243; ]<\/p>\n<p><span style=\"font-size: 20px;\">&#8220;Amigos,<\/span><\/p>\n<p><span style=\"font-size: 20px;\">Meu nome \u00e9 <strong>Belchior<\/strong>, sou Vigilante na Unidade de Interna\u00e7\u00e3o de Planaltina (UIP) e tenho uma filhinha que se chama <strong>VIT\u00d3RIA SILVA SOUZA<\/strong>\u00a0que est\u00e1 precisando urgentemente da doa\u00e7\u00e3o de medula \u00f3ssea e eu gostaria de pedir a ajuda de todos voc\u00eas para a realiza\u00e7\u00e3o de testes de compatibilidade e divulga\u00e7\u00e3o.<\/span><\/p>\n<p><span style=\"font-size: 20px;\">A Vit\u00f3ria tem apenas de 1 ano e 9 meses de idade e est\u00e1 internada em tratamento no Hospital de Base devido a uma doen\u00e7a chamada <strong>Leucemia Miel\u00f3ide Aguda<\/strong> (LMA) muito rara em crian\u00e7as.<br \/>\n[\/column]<br \/>\n[column lg=&#8221;6&#8243; md=&#8221;12&#8243; sm=&#8221;12&#8243; xs=&#8221;12&#8243; ]<br \/>\n<\/span><\/p>\n<figure id=\"attachment_3509\" aria-describedby=\"caption-attachment-3509\" style=\"width: 592px\" class=\"wp-caption aligncenter\"><img loading=\"lazy\" decoding=\"async\" class=\"size-large wp-image-3509\" src=\"http:\/\/sindesvdf.com.br\/news\/wp-content\/uploads\/2014\/10\/Vit\u00f3ria_1-592x790.jpg\" alt=\"&quot;Minha filhinha, Vit\u00f3ria&quot;\" width=\"592\" height=\"790\" srcset=\"https:\/\/sindesvdf.com.br\/news\/wp-content\/uploads\/2014\/10\/Vit\u00f3ria_1-592x790.jpg 592w, https:\/\/sindesvdf.com.br\/news\/wp-content\/uploads\/2014\/10\/Vit\u00f3ria_1-225x300.jpg 225w, https:\/\/sindesvdf.com.br\/news\/wp-content\/uploads\/2014\/10\/Vit\u00f3ria_1-600x800.jpg 600w, https:\/\/sindesvdf.com.br\/news\/wp-content\/uploads\/2014\/10\/Vit\u00f3ria_1-60x80.jpg 60w, https:\/\/sindesvdf.com.br\/news\/wp-content\/uploads\/2014\/10\/Vit\u00f3ria_1-112x150.jpg 112w, https:\/\/sindesvdf.com.br\/news\/wp-content\/uploads\/2014\/10\/Vit\u00f3ria_1.jpg 720w\" sizes=\"auto, (max-width: 592px) 100vw, 592px\" \/><figcaption id=\"caption-attachment-3509\" class=\"wp-caption-text\">&#8220;Minha filhinha, Vit\u00f3ria&#8221;<\/figcaption><\/figure>\n<p><span style=\"font-size: 20px;\"><br \/>\n[\/column]<br \/>\n[\/row]<\/span><\/p>\n<p><span style=\"font-size: 20px;\">As pessoas com LMA t\u00eam c\u00e9lulas anormais dentro da medula \u00f3ssea. Essas c\u00e9lulas crescem muito rapidamente e substituem as c\u00e9lulas sangu\u00edneas saud\u00e1veis. A medula \u00f3ssea, que ajuda o corpo a combater infec\u00e7\u00f5es, para de funcionar corretamente. As pessoas com LMA se tornam mais propensas a infec\u00e7\u00f5es e t\u00eam maior risco de hemorragia \u00e0 medida que o n\u00famero de c\u00e9lulas saud\u00e1veis diminui.<\/span><br \/>\n<span style=\"font-size: 20px;\"> A cura definitiva \u00e9 o transplante de medula \u00f3ssea. Para isso, a Vit\u00f3ria precisa encontrar um doador 100% compat\u00edvel com a sua medula. Esta doa\u00e7\u00e3o \u00e9 extremamente simples, n\u00e3o oferecendo nenhum risco de vida ao doador, que logo ap\u00f3s a doa\u00e7\u00e3o volta a sua vida normal (a medula \u00e9 totalmente reconstitu\u00edda em 3 dias).<\/span><\/p>\n<p><span style=\"font-size: 20px;\">[row]<br \/>\n[column lg=&#8221;6&#8243; md=&#8221;12&#8243; sm=&#8221;12&#8243; xs=&#8221;12&#8243; ]<br \/>\n<\/span><\/p>\n<figure id=\"attachment_3510\" aria-describedby=\"caption-attachment-3510\" style=\"width: 592px\" class=\"wp-caption aligncenter\"><img loading=\"lazy\" decoding=\"async\" class=\"size-large wp-image-3510\" src=\"http:\/\/sindesvdf.com.br\/news\/wp-content\/uploads\/2014\/10\/Vit\u00f3ria-592x790.jpg\" alt=\"&quot;Eu, minha esposa e a Vit\u00f3ria torcendo pelo Brasil&quot;\" width=\"592\" height=\"790\" srcset=\"https:\/\/sindesvdf.com.br\/news\/wp-content\/uploads\/2014\/10\/Vit\u00f3ria-592x790.jpg 592w, https:\/\/sindesvdf.com.br\/news\/wp-content\/uploads\/2014\/10\/Vit\u00f3ria-225x300.jpg 225w, https:\/\/sindesvdf.com.br\/news\/wp-content\/uploads\/2014\/10\/Vit\u00f3ria-600x800.jpg 600w, https:\/\/sindesvdf.com.br\/news\/wp-content\/uploads\/2014\/10\/Vit\u00f3ria-60x80.jpg 60w, https:\/\/sindesvdf.com.br\/news\/wp-content\/uploads\/2014\/10\/Vit\u00f3ria-112x150.jpg 112w, https:\/\/sindesvdf.com.br\/news\/wp-content\/uploads\/2014\/10\/Vit\u00f3ria.jpg 720w\" sizes=\"auto, (max-width: 592px) 100vw, 592px\" \/><figcaption id=\"caption-attachment-3510\" class=\"wp-caption-text\">&#8220;Eu, minha esposa e a Vit\u00f3ria torcendo pelo Brasil&#8221;<\/figcaption><\/figure>\n<h2><span style=\"font-size: 20px;\"><br \/>\n[\/column]<br \/>\n[column lg=&#8221;6&#8243; md=&#8221;12&#8243; sm=&#8221;12&#8243; xs=&#8221;12&#8243; ]<\/span><\/h2>\n<p><span style=\"font-size: 20px;\">Desta forma, al\u00e9m das ora\u00e7\u00f5es e torcida, pe\u00e7o encarecidamente que todos se cadastrem como poss\u00edveis doadores de medula \u00f3ssea no <strong>HEMOCENTRO DE BRAS\u00cdLIA<\/strong>\u00a0ou no instituto de hematologia de sua cidade. O doador deve ter entre 18 e 55 anos e a princ\u00edpio n\u00e3o h\u00e1 restri\u00e7\u00f5es (tatuagem, diab\u00e9ticos, por exemplo) ou necessidade de qualquer prepara\u00e7\u00e3o para o exame (jejum, por exemplo). Ser\u00e3o colhidos 10 ml de sangue para verifica\u00e7\u00e3o de compatibilidade da medula e o doador fica cadastrado em um registro universal de doadores (REDOME), sendo chamado para a doa\u00e7\u00e3o, se for compat\u00edvel com a Vit\u00f3ria ou qualquer outra pessoa que precisar.<br \/>\n[\/column]<br \/>\n[\/row]<\/span><\/p>\n<hr \/>\n<p>&nbsp;<\/p>\n<p style=\"text-align: center;\"><strong><span style=\"font-size: 20px;\">\u00c9 muito importante que o maior n\u00famero de pessoas compare\u00e7am.<\/span><\/strong><\/p>\n<p style=\"text-align: center;\"><strong><span style=\"font-size: 20px;\">Desde j\u00e1 agrade\u00e7o a solidariedade.&#8221;<\/span><\/strong><\/p>\n<hr \/>\n<h2 style=\"text-align: left;\">Meu telefone: <strong>(61) 9511-8326<\/strong><\/h2>\n<h2 style=\"text-align: left;\">Telefone Hemocentro de Bras\u00edlia: <strong>160 \/ op\u00e7\u00e3o 2<\/strong><\/h2>\n<hr \/>\n<p>&nbsp;<\/p>\n<p style=\"text-align: right;\"><span style=\"font-size: 16px;\"><em>N\u00e3o te furtes a fazer o bem a quem de direito, estando na tua m\u00e3o o poder de faz\u00ea-lo.<\/em><\/span><br \/>\n<span style=\"font-size: 16px;\"> Prov\u00e9rbios 3,27<\/span><\/p>\n<p class=\"wpf_wrapper\"><a class=\"print_link\" href=\"\" target=\"_blank\">Preparar para impress\u00e3o<\/a><\/p><!-- .wpf_wrapper -->","protected":false},"excerpt":{"rendered":"<p>[row][column lg=&#8221;6&#8243; md=&#8221;12&#8243; sm=&#8221;12&#8243; xs=&#8221;12&#8243; ] &#8220;Amigos, Meu nome \u00e9 Belchior, sou Vigilante na Unidade de Interna\u00e7\u00e3o de Planaltina (UIP)&hellip; <\/p>\n","protected":false},"author":1,"featured_media":0,"comment_status":"closed","ping_status":"closed","sticky":false,"template":"","format":"standard","meta":{"footnotes":""},"categories":[7],"tags":[],"class_list":["post-3502","post","type-post","status-publish","format-standard","hentry","category-noticias"],"jetpack_featured_media_url":"","_links":{"self":[{"href":"https:\/\/sindesvdf.com.br\/news\/wp-json\/wp\/v2\/posts\/3502","targetHints":{"allow":["GET"]}}],"collection":[{"href":"https:\/\/sindesvdf.com.br\/news\/wp-json\/wp\/v2\/posts"}],"about":[{"href":"https:\/\/sindesvdf.com.br\/news\/wp-json\/wp\/v2\/types\/post"}],"author":[{"embeddable":true,"href":"https:\/\/sindesvdf.com.br\/news\/wp-json\/wp\/v2\/users\/1"}],"replies":[{"embeddable":true,"href":"https:\/\/sindesvdf.com.br\/news\/wp-json\/wp\/v2\/comments?post=3502"}],"version-history":[{"count":26,"href":"https:\/\/sindesvdf.com.br\/news\/wp-json\/wp\/v2\/posts\/3502\/revisions"}],"predecessor-version":[{"id":3533,"href":"https:\/\/sindesvdf.com.br\/news\/wp-json\/wp\/v2\/posts\/3502\/revisions\/3533"}],"wp:attachment":[{"href":"https:\/\/sindesvdf.com.br\/news\/wp-json\/wp\/v2\/media?parent=3502"}],"wp:term":[{"taxonomy":"category","embeddable":true,"href":"https:\/\/sindesvdf.com.br\/news\/wp-json\/wp\/v2\/categories?post=3502"},{"taxonomy":"post_tag","embeddable":true,"href":"https:\/\/sindesvdf.com.br\/news\/wp-json\/wp\/v2\/tags?post=3502"}],"curies":[{"name":"wp","href":"https:\/\/api.w.org\/{rel}","templated":true}]}}