{"id":3634,"date":"2014-12-03T09:06:35","date_gmt":"2014-12-03T11:06:35","guid":{"rendered":"http:\/\/sindesvdf.com.br\/news\/?p=3634"},"modified":"2014-12-03T12:15:28","modified_gmt":"2014-12-03T14:15:28","slug":"campanha-salarial-2015","status":"publish","type":"post","link":"https:\/\/sindesvdf.com.br\/news\/campanha-salarial-2015\/","title":{"rendered":"CAMPANHA SALARIAL 2015"},"content":{"rendered":"<h1 style=\"text-align: center;\">\u00a0\u00a0<strong>ESTRAT\u00c9GIA DE LUTA:\u00a0<\/strong><\/h1>\n<h1 style=\"text-align: center;\"><span style=\"color: #ff0000;\"><strong>Um Semin\u00e1rio, Assembleias Regionais e Assembleia Geral <\/strong><\/span><\/h1>\n<p><a href=\"http:\/\/sindesvdf.com.br\/news\/wp-content\/uploads\/2014\/12\/Campanha-Salarial_2015.jpg\"><img loading=\"lazy\" decoding=\"async\" class=\"aligncenter size-large wp-image-3635\" src=\"http:\/\/sindesvdf.com.br\/news\/wp-content\/uploads\/2014\/12\/Campanha-Salarial_2015-790x432.jpg\" alt=\"Campanha Salarial_2015\" width=\"710\" height=\"388\" \/><\/a><\/p>\n<p><span style=\"font-size: 18px;\">A dire\u00e7\u00e3o do Sindicato avaliou que o melhor seria realizar um grande Semin\u00e1rio de Mobiliza\u00e7\u00e3o, ao inv\u00e9s de tr\u00eas, objetivando uma maior part<span class=\"text_exposed_show\">icipa\u00e7\u00e3o conjunta da categoria e realizar tamb\u00e9m as Assembleias Regionais nas cidades, preparando assim as estrat\u00e9gias de luta da Campanha Salarial.<br \/>\n\u00c9 importante que todos acompanhem o calend\u00e1rio de mobiliza\u00e7\u00e3o e luta e marquem presen\u00e7a em todas as atividades convocadas pelo Sindicato.<br \/>\nContamos com a sua participa\u00e7\u00e3o.<\/span><\/span><\/p>\n<h2 style=\"text-align: center;\"><span class=\"text_exposed_show\"><strong>ASSEMBLEIAS REGIONAIS<\/strong><\/span><\/h2>\n<p><span class=\"text_exposed_show\"><span style=\"font-size: 18px;\">Gama: 09\/12 &#8211; ter\u00e7a \u00e0s 19h30 &#8211; Administra\u00e7\u00e3o Regional<\/span><br \/>\n<span style=\"font-size: 18px;\">Ceil\u00e2ndia: 09\/12 &#8211; ter\u00e7a \u00e0s 19h30\u00a0&#8211;\u00a0Administra\u00e7\u00e3o Regional<\/span><br \/>\n<span style=\"font-size: 18px;\">Planaltina: 09\/12 &#8211; ter\u00e7a \u00e0s 19h30 &#8211; Administra\u00e7\u00e3o Regional<\/span><br \/>\n<span style=\"font-size: 18px;\">Brazl\u00e2ndia: 11\/12 &#8211; quinta \u00e0s 19h30\u00a0&#8211;\u00a0Administra\u00e7\u00e3o Regional<\/span><br \/>\n<span style=\"font-size: 18px;\">Santa Maria: 11\/12 &#8211; quinta \u00e0s 19h30\u00a0&#8211;\u00a0Administra\u00e7\u00e3o Regional<\/span><br \/>\n<span style=\"font-size: 18px;\">Recanto das Emas: 11\/12 &#8211; quinta \u00e0s 19h30\u00a0&#8211;\u00a0Centro Comunit\u00e1rio: Quadra\u00a0300<\/span><\/span><\/p>\n<p><strong><em>Aten\u00e7\u00e3o Vigilantes das demais cidades: Participem da Assembleia Regional em uma das cidades acima relacionadas mais pr\u00f3xima de voc\u00eas.<\/em><\/strong><\/p>\n<h2 style=\"text-align: center;\"><span class=\"text_exposed_show\"><strong>SEMIN\u00c1RIO DE MOBILIZA\u00c7\u00c3O<\/strong><\/span><\/h2>\n<p><span class=\"text_exposed_show\" style=\"font-size: 18px;\">Dia: 13\/12 \u2013 S\u00e1bado de 8h \u00e0s 13h<br \/>\nPauta: Conjuntura local e nacional e Campanha Salarial 2015.<br \/>\nLocal: Sal\u00e3o Vermelho do Hotel Nacional &#8211; Setor Hoteleiro Sul<\/span><\/p>\n<h2 style=\"text-align: center;\"><strong><span class=\"text_exposed_show\">ASSEMBLEIA GERAL<\/span><\/strong><\/h2>\n<p><span style=\"font-size: 18px;\">Dia: 18\/12 \u2013 quinta \u00e0s 19h30<\/span><br \/>\n<span style=\"font-size: 18px;\">Local: Pra\u00e7a do Cebol\u00e3o &#8211; Em frente ao Banco do Brasil \u2013 Setor Banc\u00e1rio Sul<\/span><\/p>\n<p class=\"wpf_wrapper\"><a class=\"print_link\" href=\"\" target=\"_blank\">Preparar para impress\u00e3o<\/a><\/p><!-- .wpf_wrapper -->","protected":false},"excerpt":{"rendered":"<p>\u00a0\u00a0ESTRAT\u00c9GIA DE LUTA:\u00a0 Um Semin\u00e1rio, Assembleias Regionais e Assembleia Geral A dire\u00e7\u00e3o do Sindicato avaliou que o melhor seria realizar&hellip; <\/p>\n","protected":false},"author":1,"featured_media":0,"comment_status":"closed","ping_status":"closed","sticky":false,"template":"","format":"standard","meta":{"footnotes":""},"categories":[7],"tags":[],"class_list":["post-3634","post","type-post","status-publish","format-standard","hentry","category-noticias"],"jetpack_featured_media_url":"","_links":{"self":[{"href":"https:\/\/sindesvdf.com.br\/news\/wp-json\/wp\/v2\/posts\/3634","targetHints":{"allow":["GET"]}}],"collection":[{"href":"https:\/\/sindesvdf.com.br\/news\/wp-json\/wp\/v2\/posts"}],"about":[{"href":"https:\/\/sindesvdf.com.br\/news\/wp-json\/wp\/v2\/types\/post"}],"author":[{"embeddable":true,"href":"https:\/\/sindesvdf.com.br\/news\/wp-json\/wp\/v2\/users\/1"}],"replies":[{"embeddable":true,"href":"https:\/\/sindesvdf.com.br\/news\/wp-json\/wp\/v2\/comments?post=3634"}],"version-history":[{"count":4,"href":"https:\/\/sindesvdf.com.br\/news\/wp-json\/wp\/v2\/posts\/3634\/revisions"}],"predecessor-version":[{"id":3643,"href":"https:\/\/sindesvdf.com.br\/news\/wp-json\/wp\/v2\/posts\/3634\/revisions\/3643"}],"wp:attachment":[{"href":"https:\/\/sindesvdf.com.br\/news\/wp-json\/wp\/v2\/media?parent=3634"}],"wp:term":[{"taxonomy":"category","embeddable":true,"href":"https:\/\/sindesvdf.com.br\/news\/wp-json\/wp\/v2\/categories?post=3634"},{"taxonomy":"post_tag","embeddable":true,"href":"https:\/\/sindesvdf.com.br\/news\/wp-json\/wp\/v2\/tags?post=3634"}],"curies":[{"name":"wp","href":"https:\/\/api.w.org\/{rel}","templated":true}]}}