{"id":3656,"date":"2014-12-16T08:15:11","date_gmt":"2014-12-16T10:15:11","guid":{"rendered":"http:\/\/sindesvdf.com.br\/news\/?p=3656"},"modified":"2014-12-16T08:24:46","modified_gmt":"2014-12-16T10:24:46","slug":"seminario-de-mobilizacao-define-pauta-de-reivindicacoes-dos-vigilantes-do-df","status":"publish","type":"post","link":"https:\/\/sindesvdf.com.br\/news\/seminario-de-mobilizacao-define-pauta-de-reivindicacoes-dos-vigilantes-do-df\/","title":{"rendered":"Semin\u00e1rio de Mobiliza\u00e7\u00e3o define pauta de reivindica\u00e7\u00f5es dos Vigilantes do DF"},"content":{"rendered":"<p style=\"text-align: center;\">[metaslider id=3625]<\/p>\n<hr \/>\n<p style=\"text-align: left;\">O Sindicato dos Vigilantes do DF (SINDESV-DF) promoveu no \u00faltimo s\u00e1bado (13) um Semin\u00e1rio de Mobiliza\u00e7\u00e3o para a categoria. Al\u00e9m da an\u00e1lise sobre a conjuntura local e nacional, os Vigilantes definiram a pauta de reivindica\u00e7\u00f5es para a Campanha Salarial 2015.<\/p>\n<p style=\"text-align: left;\">Com a presen\u00e7a de aproximadamente 300 pessoas, a categoria determinou as propostas de melhorias para a Campanha de 2015. Reajuste salarial de 15%, vale-alimenta\u00e7\u00e3o de R$ 30, cesta b\u00e1sica, al\u00e9m de melhorias em algumas cl\u00e1usulas da Conven\u00e7\u00e3o Coletiva de Trabalho (CCT), como as que tratam sobre o plano de sa\u00fade e as condi\u00e7\u00f5es de trabalho.<\/p>\n<p style=\"text-align: left;\">A Campanha do Piso Nacional de R$ 3 mil, liderada pela Confedera\u00e7\u00e3o Nacional dos Vigilantes (CNTV), tamb\u00e9m foi debatida durante o Semin\u00e1rio. A mobiliza\u00e7\u00e3o dos trabalhadores \u00e9 fundamental para que o Projeto de Lei 4238\/12, em tramita\u00e7\u00e3o no Congresso Nacional, seja alterado e aprovado.<\/p>\n<p style=\"text-align: left;\">O Semin\u00e1rio prepara a categoria para a pr\u00f3xima data-base, esclarece os trabalhadores sobre a realidade econ\u00f4mica e pol\u00edtica do pa\u00eds e do DF e evidencia a import\u00e2ncia dos Vigilantes se manterem unidos e engajados na luta. A unidade da categoria \u00e9 fundamental para driblar as dificuldades e obter os melhores resultados durante as negocia\u00e7\u00f5es com o patronato. De acordo com o vice-presidente do SINDESV-DF e diretor da CNTV, Francisco Paulo de Quadros, <em>&#8220;se a proposta apresentada pelos patr\u00f5es \u00e0 categoria n\u00e3o suprir as nossas reivindica\u00e7\u00f5es, em 2015 vai ter greve&#8221;<\/em>, alerta.<\/p>\n<p style=\"text-align: left;\">Na pr\u00f3xima <span style=\"color: #ff0000;\"><strong>quinta-feira (18)<\/strong><\/span>, o SINDESV-DF convoca todos os Vigilantes do DF a participar da<span style=\"color: #ff0000;\"> <strong>Assembleia Geral<\/strong><\/span>, marcada para as 19h30, na Pra\u00e7a do Cebol\u00e3o, localizada no Setor Banc\u00e1rio Sul.<\/p>\n<p style=\"text-align: left;\">Estiveram presentes o deputado distrital e diretor do SINDESV-DF, Chico Vigilante, a deputada federal Erika Kokay, o presidente da CUT Bras\u00edlia, Rodrigo Britto e o t\u00e9cnico do Dieese, Tiago Oliveira.<\/p>\n<p style=\"text-align: right;\"><span style=\"color: #ff0000;\"><em>Fonte: CNTV<\/em><\/span><\/p>\n<p class=\"wpf_wrapper\"><a class=\"print_link\" href=\"\" target=\"_blank\">Preparar para impress\u00e3o<\/a><\/p><!-- .wpf_wrapper -->","protected":false},"excerpt":{"rendered":"<p>[metaslider id=3625] O Sindicato dos Vigilantes do DF (SINDESV-DF) promoveu no \u00faltimo s\u00e1bado (13) um Semin\u00e1rio de Mobiliza\u00e7\u00e3o para a&hellip; <\/p>\n","protected":false},"author":1,"featured_media":0,"comment_status":"closed","ping_status":"closed","sticky":false,"template":"","format":"standard","meta":{"footnotes":""},"categories":[7],"tags":[],"class_list":["post-3656","post","type-post","status-publish","format-standard","hentry","category-noticias"],"jetpack_featured_media_url":"","_links":{"self":[{"href":"https:\/\/sindesvdf.com.br\/news\/wp-json\/wp\/v2\/posts\/3656","targetHints":{"allow":["GET"]}}],"collection":[{"href":"https:\/\/sindesvdf.com.br\/news\/wp-json\/wp\/v2\/posts"}],"about":[{"href":"https:\/\/sindesvdf.com.br\/news\/wp-json\/wp\/v2\/types\/post"}],"author":[{"embeddable":true,"href":"https:\/\/sindesvdf.com.br\/news\/wp-json\/wp\/v2\/users\/1"}],"replies":[{"embeddable":true,"href":"https:\/\/sindesvdf.com.br\/news\/wp-json\/wp\/v2\/comments?post=3656"}],"version-history":[{"count":6,"href":"https:\/\/sindesvdf.com.br\/news\/wp-json\/wp\/v2\/posts\/3656\/revisions"}],"predecessor-version":[{"id":3669,"href":"https:\/\/sindesvdf.com.br\/news\/wp-json\/wp\/v2\/posts\/3656\/revisions\/3669"}],"wp:attachment":[{"href":"https:\/\/sindesvdf.com.br\/news\/wp-json\/wp\/v2\/media?parent=3656"}],"wp:term":[{"taxonomy":"category","embeddable":true,"href":"https:\/\/sindesvdf.com.br\/news\/wp-json\/wp\/v2\/categories?post=3656"},{"taxonomy":"post_tag","embeddable":true,"href":"https:\/\/sindesvdf.com.br\/news\/wp-json\/wp\/v2\/tags?post=3656"}],"curies":[{"name":"wp","href":"https:\/\/api.w.org\/{rel}","templated":true}]}}