{"id":3704,"date":"2014-12-23T10:11:16","date_gmt":"2014-12-23T12:11:16","guid":{"rendered":"http:\/\/sindesvdf.com.br\/news\/?p=3704"},"modified":"2014-12-29T09:00:41","modified_gmt":"2014-12-29T11:00:41","slug":"vencemos-o-primeiro-round-mas-a-luta-esta-longe-de-acabar","status":"publish","type":"post","link":"https:\/\/sindesvdf.com.br\/news\/vencemos-o-primeiro-round-mas-a-luta-esta-longe-de-acabar\/","title":{"rendered":"VENCEMOS O PRIMEIRO ROUND, MAS A LUTA EST\u00c1 LONGE DE ACABAR"},"content":{"rendered":"<p><a href=\"http:\/\/sindesvdf.com.br\/news\/wp-content\/uploads\/2014\/12\/sindesv-x-brasfort.jpg\"><img loading=\"lazy\" decoding=\"async\" class=\"aligncenter size-full wp-image-3703\" src=\"http:\/\/sindesvdf.com.br\/news\/wp-content\/uploads\/2014\/12\/sindesv-x-brasfort.jpg\" alt=\"sindesv x brasfort\" width=\"302\" height=\"217\" srcset=\"https:\/\/sindesvdf.com.br\/news\/wp-content\/uploads\/2014\/12\/sindesv-x-brasfort.jpg 302w, https:\/\/sindesvdf.com.br\/news\/wp-content\/uploads\/2014\/12\/sindesv-x-brasfort-300x216.jpg 300w, https:\/\/sindesvdf.com.br\/news\/wp-content\/uploads\/2014\/12\/sindesv-x-brasfort-80x57.jpg 80w, https:\/\/sindesvdf.com.br\/news\/wp-content\/uploads\/2014\/12\/sindesv-x-brasfort-150x108.jpg 150w\" sizes=\"auto, (max-width: 302px) 100vw, 302px\" \/><\/a><\/p>\n<hr \/>\n<p>&nbsp;<\/p>\n<p>Desde 2012 que o <strong>Sindicato dos Vigilantes do DF<\/strong>\u00a0vem cobrando da BRASFORT o correto pagamento do <strong>adicional de periculosidade<\/strong> (antigo risco de vida), j\u00e1 que a empresa n\u00e3o considera este adicional quando paga as f\u00e9rias, o 13\u00ba sal\u00e1rio, etc.<\/p>\n<p>Primeiro fizemos a reclama\u00e7\u00e3o no Minist\u00e9rio P\u00fablico e depois ajuizamos uma a\u00e7\u00e3o trabalhista.<\/p>\n<p>Esta a\u00e7\u00e3o tinha duas finalidades: a primeira, obrigar a empresa a come\u00e7ar a pagar as f\u00e9rias, o 13\u00ba sal\u00e1rio, etc., corretamente, ou seja, incluindo o adicional de periculosidade. A segunda finalidade \u00e9 receber a diferen\u00e7a do pagamento de 2010 em diante.<\/p>\n<p>No dia 19.12.2014 finalmente o processo foi julgado em primeira inst\u00e2ncia e a senten\u00e7a nos deu raz\u00e3o.<\/p>\n<p><strong>No entanto, o processo est\u00e1 longe de acabar. Ainda existe a possibilidade de v\u00e1rios recursos.<\/strong><\/p>\n<p>Este processo poder\u00e1 durar alguns anos, portanto vamos continuar na luta at\u00e9 a vit\u00f3ria final.<\/p>\n<p class=\"wpf_wrapper\"><a class=\"print_link\" href=\"\" target=\"_blank\">Preparar para impress\u00e3o<\/a><\/p><!-- .wpf_wrapper -->","protected":false},"excerpt":{"rendered":"<p>&nbsp; Desde 2012 que o Sindicato dos Vigilantes do DF\u00a0vem cobrando da BRASFORT o correto pagamento do adicional de periculosidade&hellip; <\/p>\n","protected":false},"author":1,"featured_media":0,"comment_status":"closed","ping_status":"closed","sticky":false,"template":"","format":"standard","meta":{"footnotes":""},"categories":[7],"tags":[],"class_list":["post-3704","post","type-post","status-publish","format-standard","hentry","category-noticias"],"jetpack_featured_media_url":"","_links":{"self":[{"href":"https:\/\/sindesvdf.com.br\/news\/wp-json\/wp\/v2\/posts\/3704","targetHints":{"allow":["GET"]}}],"collection":[{"href":"https:\/\/sindesvdf.com.br\/news\/wp-json\/wp\/v2\/posts"}],"about":[{"href":"https:\/\/sindesvdf.com.br\/news\/wp-json\/wp\/v2\/types\/post"}],"author":[{"embeddable":true,"href":"https:\/\/sindesvdf.com.br\/news\/wp-json\/wp\/v2\/users\/1"}],"replies":[{"embeddable":true,"href":"https:\/\/sindesvdf.com.br\/news\/wp-json\/wp\/v2\/comments?post=3704"}],"version-history":[{"count":2,"href":"https:\/\/sindesvdf.com.br\/news\/wp-json\/wp\/v2\/posts\/3704\/revisions"}],"predecessor-version":[{"id":3706,"href":"https:\/\/sindesvdf.com.br\/news\/wp-json\/wp\/v2\/posts\/3704\/revisions\/3706"}],"wp:attachment":[{"href":"https:\/\/sindesvdf.com.br\/news\/wp-json\/wp\/v2\/media?parent=3704"}],"wp:term":[{"taxonomy":"category","embeddable":true,"href":"https:\/\/sindesvdf.com.br\/news\/wp-json\/wp\/v2\/categories?post=3704"},{"taxonomy":"post_tag","embeddable":true,"href":"https:\/\/sindesvdf.com.br\/news\/wp-json\/wp\/v2\/tags?post=3704"}],"curies":[{"name":"wp","href":"https:\/\/api.w.org\/{rel}","templated":true}]}}