{"id":3727,"date":"2015-01-08T13:11:09","date_gmt":"2015-01-08T15:11:09","guid":{"rendered":"http:\/\/sindesvdf.com.br\/news\/?p=3727"},"modified":"2015-01-08T13:11:09","modified_gmt":"2015-01-08T15:11:09","slug":"cut-e-sindicatos-filiados-realizam-ato-unificado-nesta-sexta-91","status":"publish","type":"post","link":"https:\/\/sindesvdf.com.br\/news\/cut-e-sindicatos-filiados-realizam-ato-unificado-nesta-sexta-91\/","title":{"rendered":"CUT e sindicatos filiados realizam ato unificado nesta-sexta (9\/1)"},"content":{"rendered":"<p style=\"text-align: center;\">\n<p style=\"text-align: center;\"><em><span style=\"font-size: 24px; color: #003366; font-family: 'Book Antiqua', Palatino;\"><strong> Convocamos os Vigilantes a participarem desse ato p\u00fablico<\/strong><\/span><\/em><img loading=\"lazy\" decoding=\"async\" class=\"aligncenter size-full wp-image-3728\" src=\"http:\/\/sindesvdf.com.br\/news\/wp-content\/uploads\/2015\/01\/Plen\u00e1ria-CUT-e1420729292430.jpg\" alt=\"Plen\u00e1ria CUT\" width=\"790\" height=\"593\" \/><\/p>\n<p>Reunidos em Plen\u00e1ria da CUT Bras\u00edlia realizada nesta quarta-feira (7), que lotou o audit\u00f3rio da Central, dirigentes dos sindicatos filiados aprovaram uma agenda de atividades que v\u00e3o movimentar a capital federal nos pr\u00f3ximos dias. A primeira delas ser\u00e1 nesta sexta-feira (9\/1\/2015), \u00e0s 10h, na Pra\u00e7a do Buriti, onde trabalhadores de diversas categorias, de forma unificada, cobrar\u00e3o o pagamento das verbas remunerat\u00f3rias e indenizat\u00f3rias devidas pelo governo do Distrito Federal a servidores p\u00fablicos do GDF e trabalhadores terceirizados que prestam servi\u00e7os em \u00f3rg\u00e3o p\u00fablicos locais.<\/p>\n<p>De acordo com o presidente da CUT Bras\u00edlia, Rodrigo Britto,<em> \u201co ato de sexta-feira ser\u00e1 o marco de diversas outras atividades que ser\u00e3o realizadas durante a pr\u00f3xima semana, caso as pend\u00eancias financeiras com os trabalhadores n\u00e3o sejam resolvidas\u201d<\/em>.<\/p>\n<p><em>\u201cOs atos realizados pela CUT e sindicatos filiados a partir de sexta-feira v\u00e3o mostrar para o atual governo do DF que os trabalhadores est\u00e3o dispostos a lutar pelos seus direitos, e de forma solid\u00e1ria entre as categorias. As atividades se estender\u00e3o at\u00e9 o dia 15 e, caso o cen\u00e1rio continue o mesmo, no dia 16 de janeiro, sexta-feira da pr\u00f3xima semana, realizaremos o Dia Unificado de Luta da Classe Trabalhadora em Bras\u00edlia\u201d<\/em>, prometeu Rodrigo Britto durante a Plen\u00e1ria da Central. A fala foi apoiada pelas diversas lideran\u00e7as sindicais presentes \u00e0 atividade.<\/p>\n<p>As a\u00e7\u00f5es da CUT e sindicatos filiados que ser\u00e3o realizadas ap\u00f3s sexta-feira (9) ser\u00e3o encaminhadas aos e-mails das entidades parceiras.<\/p>\n<p>&nbsp;<\/p>\n<p style=\"text-align: right;\"><em>Fonte: CUT Bras\u00edlia<\/em><\/p>\n<p class=\"wpf_wrapper\"><a class=\"print_link\" href=\"\" target=\"_blank\">Preparar para impress\u00e3o<\/a><\/p><!-- .wpf_wrapper -->","protected":false},"excerpt":{"rendered":"<p>Convocamos os Vigilantes a participarem desse ato p\u00fablico Reunidos em Plen\u00e1ria da CUT Bras\u00edlia realizada nesta quarta-feira (7), que lotou&hellip; <\/p>\n","protected":false},"author":1,"featured_media":0,"comment_status":"closed","ping_status":"closed","sticky":false,"template":"","format":"standard","meta":{"footnotes":""},"categories":[7],"tags":[],"class_list":["post-3727","post","type-post","status-publish","format-standard","hentry","category-noticias"],"jetpack_featured_media_url":"","_links":{"self":[{"href":"https:\/\/sindesvdf.com.br\/news\/wp-json\/wp\/v2\/posts\/3727","targetHints":{"allow":["GET"]}}],"collection":[{"href":"https:\/\/sindesvdf.com.br\/news\/wp-json\/wp\/v2\/posts"}],"about":[{"href":"https:\/\/sindesvdf.com.br\/news\/wp-json\/wp\/v2\/types\/post"}],"author":[{"embeddable":true,"href":"https:\/\/sindesvdf.com.br\/news\/wp-json\/wp\/v2\/users\/1"}],"replies":[{"embeddable":true,"href":"https:\/\/sindesvdf.com.br\/news\/wp-json\/wp\/v2\/comments?post=3727"}],"version-history":[{"count":3,"href":"https:\/\/sindesvdf.com.br\/news\/wp-json\/wp\/v2\/posts\/3727\/revisions"}],"predecessor-version":[{"id":3731,"href":"https:\/\/sindesvdf.com.br\/news\/wp-json\/wp\/v2\/posts\/3727\/revisions\/3731"}],"wp:attachment":[{"href":"https:\/\/sindesvdf.com.br\/news\/wp-json\/wp\/v2\/media?parent=3727"}],"wp:term":[{"taxonomy":"category","embeddable":true,"href":"https:\/\/sindesvdf.com.br\/news\/wp-json\/wp\/v2\/categories?post=3727"},{"taxonomy":"post_tag","embeddable":true,"href":"https:\/\/sindesvdf.com.br\/news\/wp-json\/wp\/v2\/tags?post=3727"}],"curies":[{"name":"wp","href":"https:\/\/api.w.org\/{rel}","templated":true}]}}