{"id":3732,"date":"2015-01-09T15:51:44","date_gmt":"2015-01-09T17:51:44","guid":{"rendered":"http:\/\/sindesvdf.com.br\/news\/?p=3732"},"modified":"2015-01-09T16:05:38","modified_gmt":"2015-01-09T18:05:38","slug":"assembleia-geral-dia-1501-com-indicativo-de-greve","status":"publish","type":"post","link":"https:\/\/sindesvdf.com.br\/news\/assembleia-geral-dia-1501-com-indicativo-de-greve\/","title":{"rendered":"Assembleia Geral dia 15\/01 com indicativo de GREVE!"},"content":{"rendered":"<p style=\"text-align: center;\"><span style=\"color: #808080;\"><strong><span style=\"font-size: 20px;\">Este \u00e9\u00a0o prazo para os patr\u00f5es apresentarem uma proposta decente!<\/span><\/strong><\/span><\/p>\n<p style=\"text-align: center;\">[metaslider id=3738]<\/p>\n<hr \/>\n<p style=\"text-align: left;\">Com os feriados prolongados, os empres\u00e1rios tiveram tempo de sobra para refletirem e chegou a hora de apresentarem uma <strong>proposta decente at\u00e9 o dia 15\/01, quando teremos Assembleia Geral com indicativo de GREVE.<\/strong><\/p>\n<p style=\"text-align: left;\">Vamos avivar a mem\u00f3ria dos patr\u00f5es para lembr\u00e1-los que os Vigilantes n\u00e3o t\u00eam qualquer receio de fazer greve e recorrem a ela sempre que a intransig\u00eancia e o desrespeito marcam nossas negocia\u00e7\u00f5es. E quando falamos em greve de Vigilante no DF, os alicerces patronais ficam bastante abalados, pois com a greve, outros setores tamb\u00e9m param, uma vez que n\u00e3o funcionam sem Vigilante no posto de servi\u00e7o, tais como bancos, hospitais, postos de sa\u00fade, e outros \u00f3rg\u00e3os e empresas que ficam totalmente vulner\u00e1veis e impossibilitados de abrir suas portas.<\/p>\n<p style=\"text-align: left;\">Isto mostra a import\u00e2ncia da atividade para zelar pelo patrim\u00f4nio p\u00fablico e pela vida das pessoas. Se com nossa profiss\u00e3o de Vigilante temos tanta import\u00e2ncia, o justo \u00e9 que tenhamos um sal\u00e1rio que atenda \u00e0s nossas necessidades e compat\u00edvel com os riscos inerentes \u00e0 atividade de seguran\u00e7a privada.<\/p>\n<p style=\"text-align: left;\">Vamos l\u00e1 companheiros e companheiras mostrar a nossa for\u00e7a e capacidade de luta e mobiliza\u00e7\u00e3o. No dia 15\/01 vamos fazer uma assembleia gigantesca, do tamanho da nossa vontade de arrancar uma vit\u00f3ria em nossa data-base 2015.<\/p>\n<p style=\"text-align: center;\"><span style=\"color: #ff0000; font-size: 18px;\"><strong>Patr\u00f5es: O aviso est\u00e1 dado.<\/strong><\/span><\/p>\n<hr \/>\n<p style=\"text-align: center;\">[panel style=&#8221;panel-danger&#8221;]<br \/>\n[panel-header]<br \/>\n<span style=\"font-family: Impact, Chicago; font-size: 30px;\"><strong>Assembleia Geral com indicativo de GREVE<\/strong><\/span><br \/>\n<span style=\"font-family: Impact, Chicago; font-size: 30px;\"><strong>Dia: 15\/01 \u2013 quinta \u00e0s 19h30<\/strong><\/span><br \/>\n[\/panel-header]<br \/>\n[panel-content]<br \/>\n<span style=\"font-size: 24px;\"><strong><span style=\"font-family: Georgia, Palatino;\">Local: Pra\u00e7a do Cebol\u00e3o &#8211; Em frente ao Banco do Brasil \u2013 Setor Banc\u00e1rio Sul<\/span><\/strong><\/span><br \/>\n<span style=\"font-size: 24px;\"><strong><span style=\"font-family: Georgia, Palatino;\">Pauta: An\u00e1lise da proposta patronal ou marcar data de in\u00edcio da GREVE!<\/span><\/strong><\/span><br \/>\n[\/panel-content]<br \/>\n[\/panel]<\/p>\n<p class=\"wpf_wrapper\"><a class=\"print_link\" href=\"\" target=\"_blank\">Preparar para impress\u00e3o<\/a><\/p><!-- .wpf_wrapper -->","protected":false},"excerpt":{"rendered":"<p>Este \u00e9\u00a0o prazo para os patr\u00f5es apresentarem uma proposta decente! [metaslider id=3738] Com os feriados prolongados, os empres\u00e1rios tiveram tempo&hellip; <\/p>\n","protected":false},"author":1,"featured_media":0,"comment_status":"closed","ping_status":"closed","sticky":false,"template":"","format":"standard","meta":{"footnotes":""},"categories":[7],"tags":[],"class_list":["post-3732","post","type-post","status-publish","format-standard","hentry","category-noticias"],"jetpack_featured_media_url":"","_links":{"self":[{"href":"https:\/\/sindesvdf.com.br\/news\/wp-json\/wp\/v2\/posts\/3732","targetHints":{"allow":["GET"]}}],"collection":[{"href":"https:\/\/sindesvdf.com.br\/news\/wp-json\/wp\/v2\/posts"}],"about":[{"href":"https:\/\/sindesvdf.com.br\/news\/wp-json\/wp\/v2\/types\/post"}],"author":[{"embeddable":true,"href":"https:\/\/sindesvdf.com.br\/news\/wp-json\/wp\/v2\/users\/1"}],"replies":[{"embeddable":true,"href":"https:\/\/sindesvdf.com.br\/news\/wp-json\/wp\/v2\/comments?post=3732"}],"version-history":[{"count":7,"href":"https:\/\/sindesvdf.com.br\/news\/wp-json\/wp\/v2\/posts\/3732\/revisions"}],"predecessor-version":[{"id":3744,"href":"https:\/\/sindesvdf.com.br\/news\/wp-json\/wp\/v2\/posts\/3732\/revisions\/3744"}],"wp:attachment":[{"href":"https:\/\/sindesvdf.com.br\/news\/wp-json\/wp\/v2\/media?parent=3732"}],"wp:term":[{"taxonomy":"category","embeddable":true,"href":"https:\/\/sindesvdf.com.br\/news\/wp-json\/wp\/v2\/categories?post=3732"},{"taxonomy":"post_tag","embeddable":true,"href":"https:\/\/sindesvdf.com.br\/news\/wp-json\/wp\/v2\/tags?post=3732"}],"curies":[{"name":"wp","href":"https:\/\/api.w.org\/{rel}","templated":true}]}}