{"id":3755,"date":"2015-01-12T16:21:09","date_gmt":"2015-01-12T18:21:09","guid":{"rendered":"http:\/\/sindesvdf.com.br\/news\/?p=3755"},"modified":"2015-01-12T16:39:28","modified_gmt":"2015-01-12T18:39:28","slug":"sindicatos-dos-vigilantes-e-bancarios-protestam-contra-falta-de-seguranca-no-itau-da-510-sul","status":"publish","type":"post","link":"https:\/\/sindesvdf.com.br\/news\/sindicatos-dos-vigilantes-e-bancarios-protestam-contra-falta-de-seguranca-no-itau-da-510-sul\/","title":{"rendered":"Sindicatos dos Vigilantes e Banc\u00e1rios  protestam contra falta de seguran\u00e7a  no Ita\u00fa da 510 Sul"},"content":{"rendered":"<p><a href=\"http:\/\/sindesvdf.com.br\/news\/wp-content\/uploads\/2015\/01\/itau.jpg\"><img loading=\"lazy\" decoding=\"async\" class=\"aligncenter size-full wp-image-3751\" src=\"http:\/\/sindesvdf.com.br\/news\/wp-content\/uploads\/2015\/01\/itau.jpg\" alt=\"itau\" width=\"700\" height=\"365\" srcset=\"https:\/\/sindesvdf.com.br\/news\/wp-content\/uploads\/2015\/01\/itau.jpg 700w, https:\/\/sindesvdf.com.br\/news\/wp-content\/uploads\/2015\/01\/itau-300x156.jpg 300w, https:\/\/sindesvdf.com.br\/news\/wp-content\/uploads\/2015\/01\/itau-600x313.jpg 600w, https:\/\/sindesvdf.com.br\/news\/wp-content\/uploads\/2015\/01\/itau-80x42.jpg 80w, https:\/\/sindesvdf.com.br\/news\/wp-content\/uploads\/2015\/01\/itau-150x78.jpg 150w\" sizes=\"auto, (max-width: 700px) 100vw, 700px\" \/><\/a><\/p>\n<p>Numa a\u00e7\u00e3o conjunta, os sindicatos dos Banc\u00e1rios e dos Vigilantes do Distrito Federal realizaram um protesto na ag\u00eancia do Ita\u00fa da 510 Sul, nesta sexta-feira (9), das 10 \u00e0s 14h.<em> \u201cViemos trazer nosso apoio aos banc\u00e1rios e vigilantes, que no \u00faltimo dia 30 foram surpreendidos por um assalto \u00e0 m\u00e3o armada, praticado por tr\u00eas bandidos que renderam dois vigilantes da unidade\u201d<\/em>, informou o presidente do Sindicato dos Banc\u00e1rios de Bras\u00edlia, Eduardo Ara\u00fajo.<\/p>\n<p>A ag\u00eancia assaltada n\u00e3o tem porta girat\u00f3ria com detector de metais, o que \u00e9 apontado como um dos principais fatores a favorecer a a\u00e7\u00e3o de bandidos. <em>\u201cA porta girat\u00f3ria \u00e9 primordial para a seguran\u00e7a dos banc\u00e1rios, vigilantes e clientes, evitando que eles fiquem t\u00e3o expostos\u201d<\/em>, ressaltou Ara\u00fajo. E acrescentou: <em>\u201cMas n\u00e3o podemos descartar outros itens de seguran\u00e7a, tamb\u00e9m essenciais, como o monitoramento por c\u00e2meras, alarmes e biombos, entre outros\u201d<\/em>.<\/p>\n<p>O Sindicato dos Banc\u00e1rios de Bras\u00edlia vai enviar um of\u00edcio \u00e0 dire\u00e7\u00e3o do Ita\u00fa exigindo a instala\u00e7\u00e3o de portas girat\u00f3rias em todas as ag\u00eancias do DF.<\/p>\n<p><em>\u201c\u00c9 importante nosso apoio nesse momento, porque sem investimento em seguran\u00e7a, os trabalhadores ficam vulner\u00e1veis \u00e0 a\u00e7\u00e3o dos bandidos. E os banqueiros s\u00f3 se preocupam com o lucro. Mas, para n\u00f3s, o bem mais valioso \u00e9 a vida\u201d<\/em>, ponderou o secret\u00e1rio Social e Cultural do Sindicato, Sandro Oliveira, que tamb\u00e9m \u00e9 banc\u00e1rio do Ita\u00fa.<\/p>\n<p>Diretora da Federa\u00e7\u00e3o dos Trabalhadores em Empresas de Cr\u00e9dito do Centro Norte (Fetec-CUT\/CN), Concei\u00e7\u00e3o Costa conversou com os banc\u00e1rios e vigilantes v\u00edtimas do assalto.<em> \u201cOs sintomas, ap\u00f3s um trauma como esse, podem demorar a aparecer, \u00e0s vezes anos, mas \u00e9 necess\u00e1rio que voc\u00eas fiquem atentos \u00e0s rea\u00e7\u00f5es e procurem ajuda m\u00e9dica e\/ou psicol\u00f3gica\u201d<\/em>, disse Concei\u00e7\u00e3o, que tamb\u00e9m \u00e9 banc\u00e1ria do Ita\u00fa.<\/p>\n<h3><strong>A\u00e7\u00e3o conjunta<\/strong><\/h3>\n<p style=\"text-align: left;\">Edmilson Rodrigues, diretor do Sindicato dos Vigilantes do DF, destacou a import\u00e2ncia da a\u00e7\u00e3o conjunta dos sindicatos para exigir mais investimentos em seguran\u00e7a nas ag\u00eancias banc\u00e1rias, refor\u00e7ando a necessidade de portas girat\u00f3rias. E disse que est\u00e1 empenhado em buscar a obrigatoriedade desse equipamento de seguran\u00e7a.<\/p>\n<p style=\"text-align: right;\"><em>Fonte: CNTV com Sindicato dos Banc\u00e1rios de Bras\u00edlia<\/em><\/p>\n<p class=\"wpf_wrapper\"><a class=\"print_link\" href=\"\" target=\"_blank\">Preparar para impress\u00e3o<\/a><\/p><!-- .wpf_wrapper -->","protected":false},"excerpt":{"rendered":"<p>Numa a\u00e7\u00e3o conjunta, os sindicatos dos Banc\u00e1rios e dos Vigilantes do Distrito Federal realizaram um protesto na ag\u00eancia do Ita\u00fa&hellip; <\/p>\n","protected":false},"author":1,"featured_media":0,"comment_status":"closed","ping_status":"closed","sticky":false,"template":"","format":"standard","meta":{"footnotes":""},"categories":[7],"tags":[],"class_list":["post-3755","post","type-post","status-publish","format-standard","hentry","category-noticias"],"jetpack_featured_media_url":"","_links":{"self":[{"href":"https:\/\/sindesvdf.com.br\/news\/wp-json\/wp\/v2\/posts\/3755","targetHints":{"allow":["GET"]}}],"collection":[{"href":"https:\/\/sindesvdf.com.br\/news\/wp-json\/wp\/v2\/posts"}],"about":[{"href":"https:\/\/sindesvdf.com.br\/news\/wp-json\/wp\/v2\/types\/post"}],"author":[{"embeddable":true,"href":"https:\/\/sindesvdf.com.br\/news\/wp-json\/wp\/v2\/users\/1"}],"replies":[{"embeddable":true,"href":"https:\/\/sindesvdf.com.br\/news\/wp-json\/wp\/v2\/comments?post=3755"}],"version-history":[{"count":2,"href":"https:\/\/sindesvdf.com.br\/news\/wp-json\/wp\/v2\/posts\/3755\/revisions"}],"predecessor-version":[{"id":3761,"href":"https:\/\/sindesvdf.com.br\/news\/wp-json\/wp\/v2\/posts\/3755\/revisions\/3761"}],"wp:attachment":[{"href":"https:\/\/sindesvdf.com.br\/news\/wp-json\/wp\/v2\/media?parent=3755"}],"wp:term":[{"taxonomy":"category","embeddable":true,"href":"https:\/\/sindesvdf.com.br\/news\/wp-json\/wp\/v2\/categories?post=3755"},{"taxonomy":"post_tag","embeddable":true,"href":"https:\/\/sindesvdf.com.br\/news\/wp-json\/wp\/v2\/tags?post=3755"}],"curies":[{"name":"wp","href":"https:\/\/api.w.org\/{rel}","templated":true}]}}