{"id":3776,"date":"2015-01-13T14:44:22","date_gmt":"2015-01-13T16:44:22","guid":{"rendered":"http:\/\/sindesvdf.com.br\/news\/?p=3776"},"modified":"2015-01-13T14:44:22","modified_gmt":"2015-01-13T16:44:22","slug":"trabalhadores-dos-correios-pressionam-e-garantem-plano-de-seguranca-para-agencias","status":"publish","type":"post","link":"https:\/\/sindesvdf.com.br\/news\/trabalhadores-dos-correios-pressionam-e-garantem-plano-de-seguranca-para-agencias\/","title":{"rendered":"Trabalhadores dos Correios pressionam e garantem plano de seguran\u00e7a para ag\u00eancias"},"content":{"rendered":"<p><a href=\"http:\/\/sindesvdf.com.br\/news\/wp-content\/uploads\/2015\/01\/correios-e1421167011534.jpg\"><img loading=\"lazy\" decoding=\"async\" class=\"aligncenter size-full wp-image-3777\" src=\"http:\/\/sindesvdf.com.br\/news\/wp-content\/uploads\/2015\/01\/correios-e1421167011534.jpg\" alt=\"correios\" width=\"700\" height=\"395\" \/><\/a><\/p>\n<p>&nbsp;<\/p>\n<p>Com o apoio da Central \u00danica dos Trabalhadores, do Sindicato dos Banc\u00e1rios e do Sindicato dos Vigilantes, o Sindicato dos Trabalhadores em Correios e Tel\u00e9grafos \u2013 Sintect-DF, promoveu ato p\u00fablico em frente \u00e0 ag\u00eancia dos Correios localizada em Taguatinga Centro, para reivindicar mais seguran\u00e7a no trabalho. A a\u00e7\u00e3o arrancou uma reuni\u00e3o com representantes dos Correios, que se comprometeram a construir, junto com a categoria, um plano de seguran\u00e7a para o setor.<\/p>\n<p>A escolha da ag\u00eancia de Taguatinga Centro como sede do ato foi feita em virtude do assalto que ocorreu no \u00faltimo dia 6, em que trabalhadores da filial, um Vigilante e clientes foram mantidos como ref\u00e9ns. Durante o assalto, um sargento aposentado do Corpo de Bombeiros que estava no local foi baleado e morreu.<\/p>\n<p><em>\u201cA nossa reivindica\u00e7\u00e3o \u00e9 que a lei seja cumprida. Para abrir uma ag\u00eancia banc\u00e1ria tem que ter determinados\u00a0itens\u00a0que n\u00e3o t\u00ednhamos. N\u00e3o tinha porta girat\u00f3ria, o Vigilante estava desarmado e as\u00a0c\u00e2meras estavam desligadas. Ou seja, n\u00e3o havia subs\u00eddios de seguran\u00e7a para os trabalhadores\u201d<\/em>, afirma o dirigente do Sindicato dos Vigilantes, Edmilson Rodrigues.<\/p>\n<p>Ao longo do ato, gestores dos Correios chamaram a pol\u00edcia para tentar abrir a ag\u00eancia \u00e0 for\u00e7a. <em>\u201cN\u00f3s conversamos com os policiais e informamos a eles que s\u00f3 sair\u00edamos dali quando a empresa se dispusesse a conversar e negociar com os trabalhadores, e assim foi feito\u201d<\/em>, completa o dirigente sindical.<\/p>\n<p><em>\u201cEm torno das 11h da manh\u00e3, a dire\u00e7\u00e3o dos Correios chamou as lideran\u00e7as presentes para dialogar, e chegamos ao acordo de que nos reunir\u00edamos novamente nessa quarta- feira (14\/01) para tra\u00e7ar um plano de seguran\u00e7a que contemple os trabalhadores e que garanta o cumprimento da legisla\u00e7\u00e3o\u201d<\/em>, afirma o dirigente do Sintect-DF, Jovan Sardinha.<\/p>\n<p style=\"text-align: right;\"><em>Fonte: CUT Bras\u00edlia<\/em><\/p>\n<p class=\"wpf_wrapper\"><a class=\"print_link\" href=\"\" target=\"_blank\">Preparar para impress\u00e3o<\/a><\/p><!-- .wpf_wrapper -->","protected":false},"excerpt":{"rendered":"<p>&nbsp; Com o apoio da Central \u00danica dos Trabalhadores, do Sindicato dos Banc\u00e1rios e do Sindicato dos Vigilantes, o Sindicato&hellip; <\/p>\n","protected":false},"author":1,"featured_media":0,"comment_status":"closed","ping_status":"closed","sticky":false,"template":"","format":"standard","meta":{"footnotes":""},"categories":[7],"tags":[],"class_list":["post-3776","post","type-post","status-publish","format-standard","hentry","category-noticias"],"jetpack_featured_media_url":"","_links":{"self":[{"href":"https:\/\/sindesvdf.com.br\/news\/wp-json\/wp\/v2\/posts\/3776","targetHints":{"allow":["GET"]}}],"collection":[{"href":"https:\/\/sindesvdf.com.br\/news\/wp-json\/wp\/v2\/posts"}],"about":[{"href":"https:\/\/sindesvdf.com.br\/news\/wp-json\/wp\/v2\/types\/post"}],"author":[{"embeddable":true,"href":"https:\/\/sindesvdf.com.br\/news\/wp-json\/wp\/v2\/users\/1"}],"replies":[{"embeddable":true,"href":"https:\/\/sindesvdf.com.br\/news\/wp-json\/wp\/v2\/comments?post=3776"}],"version-history":[{"count":2,"href":"https:\/\/sindesvdf.com.br\/news\/wp-json\/wp\/v2\/posts\/3776\/revisions"}],"predecessor-version":[{"id":3781,"href":"https:\/\/sindesvdf.com.br\/news\/wp-json\/wp\/v2\/posts\/3776\/revisions\/3781"}],"wp:attachment":[{"href":"https:\/\/sindesvdf.com.br\/news\/wp-json\/wp\/v2\/media?parent=3776"}],"wp:term":[{"taxonomy":"category","embeddable":true,"href":"https:\/\/sindesvdf.com.br\/news\/wp-json\/wp\/v2\/categories?post=3776"},{"taxonomy":"post_tag","embeddable":true,"href":"https:\/\/sindesvdf.com.br\/news\/wp-json\/wp\/v2\/tags?post=3776"}],"curies":[{"name":"wp","href":"https:\/\/api.w.org\/{rel}","templated":true}]}}