{"id":3797,"date":"2015-01-16T14:21:09","date_gmt":"2015-01-16T16:21:09","guid":{"rendered":"http:\/\/sindesvdf.com.br\/news\/?p=3797"},"modified":"2015-01-16T14:21:09","modified_gmt":"2015-01-16T16:21:09","slug":"ultima-chance-2","status":"publish","type":"post","link":"https:\/\/sindesvdf.com.br\/news\/ultima-chance-2\/","title":{"rendered":"\u00daltima chance!"},"content":{"rendered":"<p style=\"text-align: center;\"><span style=\"font-size: 20px; color: #808080;\"><strong>Em assembleia gigantesca, Vigilantes d\u00e3o prazo at\u00e9 quarta-feira, 21 de janeiro, para os patr\u00f5es apresentarem uma proposta decente.<\/strong><\/span>[table width =&#8221;100%&#8221; style =&#8221; table-hover&#8221; responsive =&#8221;true&#8221;]<\/p>\n<p>[table_body]<br \/>\n[table_row]<br \/>\n[row_column]<img loading=\"lazy\" decoding=\"async\" class=\"aligncenter  wp-image-3785\" src=\"http:\/\/sindesvdf.com.br\/news\/wp-content\/uploads\/2015\/01\/FPP_3994-e1421422597141.jpg\" alt=\"FPP_3994\" width=\"393\" height=\"262\" \/>[\/row_column]<br \/>\n[row_column]<img loading=\"lazy\" decoding=\"async\" class=\"aligncenter size-full wp-image-3784\" src=\"http:\/\/sindesvdf.com.br\/news\/wp-content\/uploads\/2015\/01\/FPP_4095-e1421422657787.jpg\" alt=\"FPP_4095\" width=\"393\" height=\"262\" \/>[\/row_column]<br \/>\n[\/table_row]<br \/>\n[\/table_body]<br \/>\n[\/table]<\/p>\n<p>Minutos antes do in\u00edcio da Assembleia Geral dos Vigilantes, dia 15 de janeiro, o Procurador da Procuradoria Geral do DF, Exmo. Sr. Ernani Teixeira de Sousa, solicitou uma reuni\u00e3o com o presidente do Sindicato, Jervalino Bispo, e pediu que fosse apresentada na Assembleia uma proposta de adiar a greve at\u00e9 quarta-feira, pois ele, o Procurador, iria chamar os empres\u00e1rios e ajudar na intermedia\u00e7\u00e3o das negocia\u00e7\u00f5es para que a proposta patronal fosse melhorada.<br \/>\nO fato \u00e9 que a proposta patronal \u00e9 muito ruim e a disposi\u00e7\u00e3o da dire\u00e7\u00e3o do Sindicato dos Vigilantes era de apresentar a mesma \u00e0 categoria e defender a greve imediatamente, pois \u00e9 isto que os empres\u00e1rios intransigentes merecem quando demonstram desrespeito \u00e0s reivindica\u00e7\u00f5es da categoria.<br \/>\nMas, diante da solicita\u00e7\u00e3o do Procurador da PGDF e entendendo que seria uma boa estrat\u00e9gia demonstrarmos ao governo que estamos abertos ao di\u00e1logo e \u00e0 negocia\u00e7\u00e3o, o presidente do Sindicato defendeu junto \u00e0 categoria, suspender a Assembleia em curso e convocar uma Assembleia para a pr\u00f3xima quarta-feira, 21 de janeiro, com indicativo de greve. A grande maioria dos vigilantes presentes entendeu o momento e a conjuntura dif\u00edcil que estamos enfrentando nesse in\u00edcio de governo e aprovou a proposta do Sindicato.<br \/>\nParabenizamos os companheiros e companheiras que analisaram a situa\u00e7\u00e3o e votaram com bom senso, dando esse prazo que o procurador solicitou. Caso a proposta patronal n\u00e3o melhore, vamos defender a greve na quarta-feira.<\/p>\n<p style=\"text-align: center;\">[panel style=&#8221;panel-danger&#8221;]<br \/>\n[panel-header]<br \/>\n<strong><span style=\"font-size: 28px;\">Assembleia Geral com indicativo de GREVE<\/span><\/strong><br \/>\n<strong><span style=\"font-size: 28px;\">Dia: 21 de janeiro \u2013 quarta-feira \u00e0s 19h30<\/span><\/strong><br \/>\n[\/panel-header]<br \/>\n[panel-content]<br \/>\n<span style=\"font-size: 24px;\"><strong><span style=\"font-family: Georgia, Palatino;\">Local: Pra\u00e7a do Cebol\u00e3o &#8211; Em frente ao Banco do Brasil \u2013 Setor Banc\u00e1rio Sul<\/span><\/strong><\/span><br \/>\n[\/panel-content]<br \/>\n[\/panel]<\/p>\n<hr \/>\n<p style=\"text-align: center;\">\n<h3 style=\"text-align: center;\"><strong>Veja todo o jornal aqui:<\/strong><\/h3>\n<p style=\"text-align: center;\"><a title=\"Olho Vivo - Janeiro-2\" href=\"http:\/\/sindesvdf.com.br\/news\/wp-content\/uploads\/2015\/01\/Olho-Vivo_2-Jan-2015_web.pdf\" target=\"_blank\"><img loading=\"lazy\" decoding=\"async\" class=\"aligncenter size-full wp-image-3799\" src=\"http:\/\/sindesvdf.com.br\/news\/wp-content\/uploads\/2015\/01\/Olho-Vivo_2-Jan-2015_capa-e1421424687415.jpg\" alt=\"Olho Vivo_2-Jan-2015_capa\" width=\"250\" height=\"339\" \/><\/a><\/p>\n<p class=\"wpf_wrapper\"><a class=\"print_link\" href=\"\" target=\"_blank\">Preparar para impress\u00e3o<\/a><\/p><!-- .wpf_wrapper -->","protected":false},"excerpt":{"rendered":"<p>Em assembleia gigantesca, Vigilantes d\u00e3o prazo at\u00e9 quarta-feira, 21 de janeiro, para os patr\u00f5es apresentarem uma proposta decente.[table width =&#8221;100%&#8221;&hellip; <\/p>\n","protected":false},"author":1,"featured_media":0,"comment_status":"closed","ping_status":"closed","sticky":false,"template":"","format":"standard","meta":{"footnotes":""},"categories":[7],"tags":[],"class_list":["post-3797","post","type-post","status-publish","format-standard","hentry","category-noticias"],"jetpack_featured_media_url":"","_links":{"self":[{"href":"https:\/\/sindesvdf.com.br\/news\/wp-json\/wp\/v2\/posts\/3797","targetHints":{"allow":["GET"]}}],"collection":[{"href":"https:\/\/sindesvdf.com.br\/news\/wp-json\/wp\/v2\/posts"}],"about":[{"href":"https:\/\/sindesvdf.com.br\/news\/wp-json\/wp\/v2\/types\/post"}],"author":[{"embeddable":true,"href":"https:\/\/sindesvdf.com.br\/news\/wp-json\/wp\/v2\/users\/1"}],"replies":[{"embeddable":true,"href":"https:\/\/sindesvdf.com.br\/news\/wp-json\/wp\/v2\/comments?post=3797"}],"version-history":[{"count":2,"href":"https:\/\/sindesvdf.com.br\/news\/wp-json\/wp\/v2\/posts\/3797\/revisions"}],"predecessor-version":[{"id":3801,"href":"https:\/\/sindesvdf.com.br\/news\/wp-json\/wp\/v2\/posts\/3797\/revisions\/3801"}],"wp:attachment":[{"href":"https:\/\/sindesvdf.com.br\/news\/wp-json\/wp\/v2\/media?parent=3797"}],"wp:term":[{"taxonomy":"category","embeddable":true,"href":"https:\/\/sindesvdf.com.br\/news\/wp-json\/wp\/v2\/categories?post=3797"},{"taxonomy":"post_tag","embeddable":true,"href":"https:\/\/sindesvdf.com.br\/news\/wp-json\/wp\/v2\/tags?post=3797"}],"curies":[{"name":"wp","href":"https:\/\/api.w.org\/{rel}","templated":true}]}}