{"id":3812,"date":"2015-01-20T15:23:38","date_gmt":"2015-01-20T17:23:38","guid":{"rendered":"http:\/\/sindesvdf.com.br\/news\/?p=3812"},"modified":"2015-01-20T15:27:38","modified_gmt":"2015-01-20T17:27:38","slug":"atencao-vigilantes-a-hora-da-luta-chegou","status":"publish","type":"post","link":"https:\/\/sindesvdf.com.br\/news\/atencao-vigilantes-a-hora-da-luta-chegou\/","title":{"rendered":"Aten\u00e7\u00e3o Vigilantes! A hora da luta chegou!"},"content":{"rendered":"<h2 style=\"text-align: center;\"><span style=\"color: #808080; font-size: 28px;\"><strong>Todos e todas \u00e0\u00a0Assembleia Geral com indicativo de greve!<\/strong><\/span><\/h2>\n<p><a href=\"http:\/\/sindesvdf.com.br\/news\/wp-content\/uploads\/2015\/01\/FPP_40951.jpg\"><img loading=\"lazy\" decoding=\"async\" class=\"aligncenter size-full wp-image-3788\" src=\"http:\/\/sindesvdf.com.br\/news\/wp-content\/uploads\/2015\/01\/FPP_40951.jpg\" alt=\"FPP_4095\" width=\"800\" height=\"534\" srcset=\"https:\/\/sindesvdf.com.br\/news\/wp-content\/uploads\/2015\/01\/FPP_40951.jpg 800w, https:\/\/sindesvdf.com.br\/news\/wp-content\/uploads\/2015\/01\/FPP_40951-300x200.jpg 300w, https:\/\/sindesvdf.com.br\/news\/wp-content\/uploads\/2015\/01\/FPP_40951-790x527.jpg 790w, https:\/\/sindesvdf.com.br\/news\/wp-content\/uploads\/2015\/01\/FPP_40951-600x401.jpg 600w, https:\/\/sindesvdf.com.br\/news\/wp-content\/uploads\/2015\/01\/FPP_40951-80x53.jpg 80w, https:\/\/sindesvdf.com.br\/news\/wp-content\/uploads\/2015\/01\/FPP_40951-150x100.jpg 150w\" sizes=\"auto, (max-width: 800px) 100vw, 800px\" \/><\/a><\/p>\n<p style=\"text-align: center;\"><strong><span style=\"font-size: 18px;\">O Sindicato dos Vigilantes do DF convoca toda a categoria\u00a0para participar de Assembleia Geral\u00a0com indicativo\u00a0de greve, nesta quarta-feira, 21\u00a0de janeiro de\u00a02015, \u00e0s 19h30 na Pra\u00e7a do Cebol\u00e3o no Setor Banc\u00e1rio Sul.<\/span><\/strong><\/p>\n<p style=\"text-align: center;\"><strong><span style=\"font-size: 18px;\">Os patr\u00f5es sabem que j\u00e1 demos a \u00faltima chance para que eles\u00a0apresentem uma proposta decente. E o prazo acaba nesta quarta-feira.<\/span><\/strong><\/p>\n<p style=\"text-align: center;\"><strong><span style=\"font-size: 18px;\">Contamos com a sua presen\u00e7a.<\/span><\/strong><\/p>\n<p class=\"wpf_wrapper\"><a class=\"print_link\" href=\"\" target=\"_blank\">Preparar para impress\u00e3o<\/a><\/p><!-- .wpf_wrapper -->","protected":false},"excerpt":{"rendered":"<p>Todos e todas \u00e0\u00a0Assembleia Geral com indicativo de greve! O Sindicato dos Vigilantes do DF convoca toda a categoria\u00a0para participar&hellip; <\/p>\n","protected":false},"author":1,"featured_media":0,"comment_status":"closed","ping_status":"closed","sticky":false,"template":"","format":"standard","meta":{"footnotes":""},"categories":[7],"tags":[],"class_list":["post-3812","post","type-post","status-publish","format-standard","hentry","category-noticias"],"jetpack_featured_media_url":"","_links":{"self":[{"href":"https:\/\/sindesvdf.com.br\/news\/wp-json\/wp\/v2\/posts\/3812","targetHints":{"allow":["GET"]}}],"collection":[{"href":"https:\/\/sindesvdf.com.br\/news\/wp-json\/wp\/v2\/posts"}],"about":[{"href":"https:\/\/sindesvdf.com.br\/news\/wp-json\/wp\/v2\/types\/post"}],"author":[{"embeddable":true,"href":"https:\/\/sindesvdf.com.br\/news\/wp-json\/wp\/v2\/users\/1"}],"replies":[{"embeddable":true,"href":"https:\/\/sindesvdf.com.br\/news\/wp-json\/wp\/v2\/comments?post=3812"}],"version-history":[{"count":6,"href":"https:\/\/sindesvdf.com.br\/news\/wp-json\/wp\/v2\/posts\/3812\/revisions"}],"predecessor-version":[{"id":3820,"href":"https:\/\/sindesvdf.com.br\/news\/wp-json\/wp\/v2\/posts\/3812\/revisions\/3820"}],"wp:attachment":[{"href":"https:\/\/sindesvdf.com.br\/news\/wp-json\/wp\/v2\/media?parent=3812"}],"wp:term":[{"taxonomy":"category","embeddable":true,"href":"https:\/\/sindesvdf.com.br\/news\/wp-json\/wp\/v2\/categories?post=3812"},{"taxonomy":"post_tag","embeddable":true,"href":"https:\/\/sindesvdf.com.br\/news\/wp-json\/wp\/v2\/tags?post=3812"}],"curies":[{"name":"wp","href":"https:\/\/api.w.org\/{rel}","templated":true}]}}