{"id":3825,"date":"2015-01-21T21:49:36","date_gmt":"2015-01-21T23:49:36","guid":{"rendered":"http:\/\/sindesvdf.com.br\/news\/?p=3825"},"modified":"2015-01-21T21:50:02","modified_gmt":"2015-01-21T23:50:02","slug":"vigilantes-em-greve","status":"publish","type":"post","link":"https:\/\/sindesvdf.com.br\/news\/vigilantes-em-greve\/","title":{"rendered":"VIGILANTES EM GREVE!"},"content":{"rendered":"<h2 style=\"text-align: center;\"><span style=\"color: #808080;\"><strong>Em Assembleia realizada nesta quarta (21\/01) os Vigilantes do DF rejeitaram a proposta indecente dos patr\u00f5es e decidiram entrar em Greve por tempo indeterminado.<\/strong><\/span><\/h2>\n<p style=\"text-align: center;\">[metaslider id=3824]<\/p>\n<p style=\"text-align: center;\"><strong><span style=\"font-size: 20px;\">Nesta quinta (22\/01) \u00e0s 17 horas Assembleia de avalia\u00e7\u00e3o do primeiro dia de Greve na pra\u00e7a do Cebol\u00e3o no Setor Banc\u00e1rio Sul.<\/span><\/strong><\/p>\n<p class=\"wpf_wrapper\"><a class=\"print_link\" href=\"\" target=\"_blank\">Preparar para impress\u00e3o<\/a><\/p><!-- .wpf_wrapper -->","protected":false},"excerpt":{"rendered":"<p>Em Assembleia realizada nesta quarta (21\/01) os Vigilantes do DF rejeitaram a proposta indecente dos patr\u00f5es e decidiram entrar em&hellip; <\/p>\n","protected":false},"author":1,"featured_media":0,"comment_status":"closed","ping_status":"closed","sticky":false,"template":"","format":"standard","meta":{"footnotes":""},"categories":[7],"tags":[],"class_list":["post-3825","post","type-post","status-publish","format-standard","hentry","category-noticias"],"jetpack_featured_media_url":"","_links":{"self":[{"href":"https:\/\/sindesvdf.com.br\/news\/wp-json\/wp\/v2\/posts\/3825","targetHints":{"allow":["GET"]}}],"collection":[{"href":"https:\/\/sindesvdf.com.br\/news\/wp-json\/wp\/v2\/posts"}],"about":[{"href":"https:\/\/sindesvdf.com.br\/news\/wp-json\/wp\/v2\/types\/post"}],"author":[{"embeddable":true,"href":"https:\/\/sindesvdf.com.br\/news\/wp-json\/wp\/v2\/users\/1"}],"replies":[{"embeddable":true,"href":"https:\/\/sindesvdf.com.br\/news\/wp-json\/wp\/v2\/comments?post=3825"}],"version-history":[{"count":2,"href":"https:\/\/sindesvdf.com.br\/news\/wp-json\/wp\/v2\/posts\/3825\/revisions"}],"predecessor-version":[{"id":3828,"href":"https:\/\/sindesvdf.com.br\/news\/wp-json\/wp\/v2\/posts\/3825\/revisions\/3828"}],"wp:attachment":[{"href":"https:\/\/sindesvdf.com.br\/news\/wp-json\/wp\/v2\/media?parent=3825"}],"wp:term":[{"taxonomy":"category","embeddable":true,"href":"https:\/\/sindesvdf.com.br\/news\/wp-json\/wp\/v2\/categories?post=3825"},{"taxonomy":"post_tag","embeddable":true,"href":"https:\/\/sindesvdf.com.br\/news\/wp-json\/wp\/v2\/tags?post=3825"}],"curies":[{"name":"wp","href":"https:\/\/api.w.org\/{rel}","templated":true}]}}