{"id":3831,"date":"2015-01-22T15:56:52","date_gmt":"2015-01-22T17:56:52","guid":{"rendered":"http:\/\/sindesvdf.com.br\/news\/?p=3831"},"modified":"2015-01-22T15:58:24","modified_gmt":"2015-01-22T17:58:24","slug":"e-greve","status":"publish","type":"post","link":"https:\/\/sindesvdf.com.br\/news\/e-greve\/","title":{"rendered":"\u00c9 GREVE"},"content":{"rendered":"<p style=\"text-align: center;\"><a href=\"http:\/\/sindesvdf.com.br\/news\/wp-content\/uploads\/2014\/09\/cabeca1.jpg\"><img loading=\"lazy\" decoding=\"async\" class=\"aligncenter  wp-image-3340\" src=\"http:\/\/sindesvdf.com.br\/news\/wp-content\/uploads\/2014\/09\/cabeca1.jpg\" alt=\"cabeca\" width=\"812\" height=\"142\" \/><\/a><\/p>\n<hr \/>\n<p style=\"text-align: center;\"><strong style=\"font-size: 48px;\">\u00c9 GREVE<\/strong><\/p>\n<h2 style=\"text-align: center;\"><strong>Retirada de Direitos e conquistas? Nunca. Jamais.<\/strong><br \/>\n<strong>Vigilantes respondem proposta indecente dos patr\u00f5es com greve<\/strong><\/h2>\n<p>[row]<br \/>\n[column lg=&#8221;6&#8243; md=&#8221;12&#8243; sm=&#8221;12&#8243; xs=&#8221;12&#8243; ]<br \/>\n<img loading=\"lazy\" decoding=\"async\" class=\"alignleft wp-image-3832\" src=\"http:\/\/sindesvdf.com.br\/news\/wp-content\/uploads\/2015\/01\/FPP_5288.jpg\" alt=\"FPP_5288\" width=\"425\" height=\"283\" srcset=\"https:\/\/sindesvdf.com.br\/news\/wp-content\/uploads\/2015\/01\/FPP_5288.jpg 800w, https:\/\/sindesvdf.com.br\/news\/wp-content\/uploads\/2015\/01\/FPP_5288-300x200.jpg 300w, https:\/\/sindesvdf.com.br\/news\/wp-content\/uploads\/2015\/01\/FPP_5288-790x526.jpg 790w, https:\/\/sindesvdf.com.br\/news\/wp-content\/uploads\/2015\/01\/FPP_5288-600x400.jpg 600w, https:\/\/sindesvdf.com.br\/news\/wp-content\/uploads\/2015\/01\/FPP_5288-80x53.jpg 80w, https:\/\/sindesvdf.com.br\/news\/wp-content\/uploads\/2015\/01\/FPP_5288-150x100.jpg 150w\" sizes=\"auto, (max-width: 425px) 100vw, 425px\" \/><a href=\"http:\/\/sindesvdf.com.br\/news\/wp-content\/uploads\/2015\/01\/FPP_5407.jpg\"><img loading=\"lazy\" decoding=\"async\" class=\"alignleft wp-image-3833\" src=\"http:\/\/sindesvdf.com.br\/news\/wp-content\/uploads\/2015\/01\/FPP_5407.jpg\" alt=\"FPP_5407\" width=\"425\" height=\"283\" srcset=\"https:\/\/sindesvdf.com.br\/news\/wp-content\/uploads\/2015\/01\/FPP_5407.jpg 800w, https:\/\/sindesvdf.com.br\/news\/wp-content\/uploads\/2015\/01\/FPP_5407-300x200.jpg 300w, https:\/\/sindesvdf.com.br\/news\/wp-content\/uploads\/2015\/01\/FPP_5407-790x526.jpg 790w, https:\/\/sindesvdf.com.br\/news\/wp-content\/uploads\/2015\/01\/FPP_5407-600x400.jpg 600w, https:\/\/sindesvdf.com.br\/news\/wp-content\/uploads\/2015\/01\/FPP_5407-80x53.jpg 80w, https:\/\/sindesvdf.com.br\/news\/wp-content\/uploads\/2015\/01\/FPP_5407-150x100.jpg 150w\" sizes=\"auto, (max-width: 425px) 100vw, 425px\" \/><\/a> <img loading=\"lazy\" decoding=\"async\" class=\" wp-image-3834 alignleft\" src=\"http:\/\/sindesvdf.com.br\/news\/wp-content\/uploads\/2015\/01\/FPP_54991.jpg\" alt=\"FPP_5499\" width=\"425\" height=\"283\" srcset=\"https:\/\/sindesvdf.com.br\/news\/wp-content\/uploads\/2015\/01\/FPP_54991.jpg 800w, https:\/\/sindesvdf.com.br\/news\/wp-content\/uploads\/2015\/01\/FPP_54991-300x200.jpg 300w, https:\/\/sindesvdf.com.br\/news\/wp-content\/uploads\/2015\/01\/FPP_54991-790x526.jpg 790w, https:\/\/sindesvdf.com.br\/news\/wp-content\/uploads\/2015\/01\/FPP_54991-600x400.jpg 600w, https:\/\/sindesvdf.com.br\/news\/wp-content\/uploads\/2015\/01\/FPP_54991-80x53.jpg 80w, https:\/\/sindesvdf.com.br\/news\/wp-content\/uploads\/2015\/01\/FPP_54991-150x100.jpg 150w\" sizes=\"auto, (max-width: 425px) 100vw, 425px\" \/><br \/>\n[\/column]<br \/>\n[column lg=&#8221;6&#8243; md=&#8221;12&#8243; sm=&#8221;12&#8243; xs=&#8221;12&#8243; ]<br \/>\nEm uma grande Assembleia Geral realizada nesta quarta-feira, 21\/01, os vigilantes aprovaram greve por tempo indeterminado por unanimidade. N\u00e3o teve uma \u00fanica absten\u00e7\u00e3o ou voto contra. A dire\u00e7\u00e3o do Sindicato e a categoria ficaram indignados com as propostas patronais que apontam um grande retrocesso e sempre afirmamos que n\u00e3o aceitaremos retroceder em cl\u00e1usulas da CCT, principalmente aquelas que s\u00e3o muito importantes para os vigilantes e que foram conquistadas com muita luta.<br \/>\nDentre as proposta patronais que apontam retrocesso, est\u00e3o a cria\u00e7\u00e3o da figura do vigilante horista, uma forma de acabar com as horas extras e explorar o vigilante que se submeter a esse regime de trabalho escravo, pois trabalhar\u00e1 todos os dias e ganhando bem abaixo do piso salarial. Outra proposta foi a de acabar com a estabilidade de 90 dias para os vigilantes que voltam do benef\u00edcio do INSS por motivo de doen\u00e7a ou acidente. Antes dessa cl\u00e1usula, o vigilante voltava do benef\u00edcio e era imediatamente demitido, pois a maioria dos patr\u00f5es n\u00e3o aceitam que o vigilante fique doente, justamente no momento em que ele mais precisa de apoio, essa estabilidade \u00e9 fundamental para a sua total recupera\u00e7\u00e3o.<br \/>\n[\/column]<br \/>\n[\/row]<\/p>\n<hr \/>\n<p>&nbsp;<\/p>\n<p>&nbsp;<\/p>\n<h2 style=\"text-align: center;\">[panel style=&#8221;panel-warning&#8221;]<br \/>\n[panel-header]<br \/>\n<span style=\"font-size: 36px;\"><strong>Assembleia Geral de avalia\u00e7\u00e3o da GREVE<\/strong><\/span><br \/>\n<span style=\"font-size: 30px;\"><em><strong>Todos os dias \u00e0s 17 horas, enquanto durar a greve<\/strong><\/em><\/span><br \/>\n[\/panel-header]<br \/>\n[panel-content]<br \/>\n<strong>Local: \u00a0Pra\u00e7a do Cebol\u00e3o &#8211; Em frente ao Banco do Brasil \u2013 Setor Banc\u00e1rio Sul<\/strong><br \/>\n[\/panel-content]<br \/>\n[\/panel]<\/h2>\n<hr \/>\n<h1 style=\"text-align: center;\"><strong><span style=\"color: #008000;\">Ampliar a mobiliza\u00e7\u00e3o e participa\u00e7\u00e3o na greve.<\/span> <\/strong><br \/>\n<span style=\"font-size: 40px; color: #ff0000;\"><strong>Tarefa de todos e todas!<\/strong><\/span><\/h1>\n<p style=\"text-align: center;\"><a href=\"http:\/\/sindesvdf.com.br\/news\/wp-content\/uploads\/2015\/01\/Greve-mobiliza\u00e7\u00e3o-e1421948977931.jpg\"><img loading=\"lazy\" decoding=\"async\" class=\"aligncenter size-full wp-image-3843\" src=\"http:\/\/sindesvdf.com.br\/news\/wp-content\/uploads\/2015\/01\/Greve-mobiliza\u00e7\u00e3o-e1421948977931.jpg\" alt=\"Greve mobiliza\u00e7\u00e3o\" width=\"790\" height=\"560\" \/><\/a><\/p>\n<p style=\"text-align: left;\">\u00c9 fundamental que todos os vigilantes tenham plena consci\u00eancia de que para alcan\u00e7armos a vit\u00f3ria a greve deve contar com a participa\u00e7\u00e3o de toda a categoria. Nada de ficar em casa descansando. Vamos ajudar na conscientiza\u00e7\u00e3o dos trabalhadores para que tamb\u00e9m participem da luta, pois s\u00f3 assim iremos sensibilizar os patr\u00f5es a refletirem sobre a import\u00e2ncia dos vigilantes para o funcionamento de bancos, hospitais e postos de sa\u00fade e demais \u00f3rg\u00e3os.<br \/>\nJ\u00e1 provamos em diversas ocasi\u00f5es que sem vigilante, banco n\u00e3o abre, m\u00e9dico n\u00e3o atende e outros setores ficam com a seguran\u00e7a extremamente fragilizada.<br \/>\nEstamos na luta pelo reconhecimento da import\u00e2ncia da atividade e isso s\u00f3 acontece com melhores sal\u00e1rios e amplia\u00e7\u00e3o dos benef\u00edcios. Os patr\u00f5es lucram com o nosso trabalho, sem grandes esfor\u00e7os, sem arriscar a vida como n\u00f3s. Por isso, \u00e9 muito bom que eles entendam que n\u00e3o aceitaremos qualquer retrocesso em nossas conquistas e reivindica\u00e7\u00f5es.<br \/>\nTratem logo de apresentar uma proposta decente e enquanto isso n\u00e3o acontecer: A GREVE CONTINUA.<\/p>\n<hr \/>\n<h1 style=\"text-align: center;\"><span style=\"color: #99ccff;\"><strong><span style=\"font-size: 40px;\">N\u00e3o aceitem provoca\u00e7\u00f5es.<\/span> <\/strong><\/span><br \/>\n<span style=\"color: #808080;\"><strong>N\u00e3o se intimidem com amea\u00e7as.<\/strong><\/span><\/h1>\n<p><a href=\"http:\/\/sindesvdf.com.br\/news\/wp-content\/uploads\/2015\/01\/lobo-em-pele-de-cordeiro-e1421949273381.jpg\"><img loading=\"lazy\" decoding=\"async\" class=\"aligncenter size-full wp-image-3844\" src=\"http:\/\/sindesvdf.com.br\/news\/wp-content\/uploads\/2015\/01\/lobo-em-pele-de-cordeiro-e1421949273381.jpg\" alt=\"lobo em pele de cordeiro\" width=\"790\" height=\"513\" \/><\/a><\/p>\n<p>Os provocadores de plant\u00e3o, sempre a servi\u00e7o dos patr\u00f5es, estar\u00e3o infiltrados no meio da nossa greve com a \u00fanica finalidade de tumultuar e desestabilizar o movimento. Tenham o m\u00e1ximo de cuidado e saibam reconhecer as m\u00e1s inten\u00e7\u00f5es dessas pessoas que ficam o tempo todo falando mal do Sindicato e elogiando os patr\u00f5es.<br \/>\nInfelizmente h\u00e1 todo tipo de gente, inclusive aqueles que apostam na derrota e fracasso da categoria s\u00f3 para agradar o chefinho. O cabra \u00e9 t\u00e3o burro que n\u00e3o percebe que est\u00e1 sendo usado como um capacho e em breve ser\u00e1 descartado.<br \/>\nN\u00e3o se intimidem com as amea\u00e7as patronais. Somos maioria, somos mais fortes, mais unidos e mais organizados. Portanto, quem deve temer s\u00e3o os patr\u00f5es, pois vigilante unido, guerreiro e combativo, jamais ser\u00e1 vencido.<\/p>\n<p class=\"wpf_wrapper\"><a class=\"print_link\" href=\"\" target=\"_blank\">Preparar para impress\u00e3o<\/a><\/p><!-- .wpf_wrapper -->","protected":false},"excerpt":{"rendered":"<p>\u00c9 GREVE Retirada de Direitos e conquistas? Nunca. Jamais. Vigilantes respondem proposta indecente dos patr\u00f5es com greve [row] [column lg=&#8221;6&#8243;&hellip; <\/p>\n","protected":false},"author":1,"featured_media":0,"comment_status":"closed","ping_status":"closed","sticky":false,"template":"","format":"standard","meta":{"footnotes":""},"categories":[7],"tags":[],"class_list":["post-3831","post","type-post","status-publish","format-standard","hentry","category-noticias"],"jetpack_featured_media_url":"","_links":{"self":[{"href":"https:\/\/sindesvdf.com.br\/news\/wp-json\/wp\/v2\/posts\/3831","targetHints":{"allow":["GET"]}}],"collection":[{"href":"https:\/\/sindesvdf.com.br\/news\/wp-json\/wp\/v2\/posts"}],"about":[{"href":"https:\/\/sindesvdf.com.br\/news\/wp-json\/wp\/v2\/types\/post"}],"author":[{"embeddable":true,"href":"https:\/\/sindesvdf.com.br\/news\/wp-json\/wp\/v2\/users\/1"}],"replies":[{"embeddable":true,"href":"https:\/\/sindesvdf.com.br\/news\/wp-json\/wp\/v2\/comments?post=3831"}],"version-history":[{"count":10,"href":"https:\/\/sindesvdf.com.br\/news\/wp-json\/wp\/v2\/posts\/3831\/revisions"}],"predecessor-version":[{"id":3846,"href":"https:\/\/sindesvdf.com.br\/news\/wp-json\/wp\/v2\/posts\/3831\/revisions\/3846"}],"wp:attachment":[{"href":"https:\/\/sindesvdf.com.br\/news\/wp-json\/wp\/v2\/media?parent=3831"}],"wp:term":[{"taxonomy":"category","embeddable":true,"href":"https:\/\/sindesvdf.com.br\/news\/wp-json\/wp\/v2\/categories?post=3831"},{"taxonomy":"post_tag","embeddable":true,"href":"https:\/\/sindesvdf.com.br\/news\/wp-json\/wp\/v2\/tags?post=3831"}],"curies":[{"name":"wp","href":"https:\/\/api.w.org\/{rel}","templated":true}]}}