{"id":3849,"date":"2015-01-23T20:59:39","date_gmt":"2015-01-23T22:59:39","guid":{"rendered":"http:\/\/sindesvdf.com.br\/news\/?p=3849"},"modified":"2015-01-23T21:01:30","modified_gmt":"2015-01-23T23:01:30","slug":"vigilantes-encerram-greve-com-ganho-real-de-salario","status":"publish","type":"post","link":"https:\/\/sindesvdf.com.br\/news\/vigilantes-encerram-greve-com-ganho-real-de-salario\/","title":{"rendered":"Vigilantes encerram greve com ganho real de sal\u00e1rio!"},"content":{"rendered":"<p style=\"text-align: center;\">\u00a0[metaslider id=3850]<\/p>\n<p>A greve de tr\u00eas dias dos vigilantes teve resultado positivo para a categoria. Bras\u00edlia mais uma vez parou. Bancos fecharam, hospitais e postos de sa\u00fade tiveram que alterar o atendimento e outros \u00f3rg\u00e3os funcionaram de maneira prec\u00e1ria.<\/p>\n<p>Na tarde do dia 23\/01, os vigilantes aprovaram a proposta que teve intermedia\u00e7\u00e3o da Procuradoria Geral do DF e do pr\u00f3prio GDF, al\u00e9m de apoio do Minist\u00e9rio P\u00fablico do Trabalho, pois os patr\u00f5es estavam intransigentes e queriam de tudo quanto \u00e9 jeito implantar o vigilante horista e acabar com a estabilidade do vigilante que volta do benef\u00edcio do INSS. O Sindicato e a categoria bateram o p\u00e9 e n\u00e3o aceitaram esse retrocesso, iniciando a greve na quarta-feira, 21\/01. Depois de muita press\u00e3o e greve, os patr\u00f5es recuaram e a categoria aceitou a proposta, nesta quinta-feira, 23\/01.<\/p>\n<p>As principais conquistas econ\u00f4micas foram:<\/p>\n<p>Reajuste de 7,5% nos sal\u00e1rios;<\/p>\n<p>T\u00edquete de R$ 23,00 para R$ 28,00;<\/p>\n<p>Plano de Sa\u00fade de R$ 90,00 para R$ 125,00, sendo que deste valor, R$ 10,00 s\u00e3o para reserva t\u00e9cnica e para os vigilantes que est\u00e3o no benef\u00edcio.<\/p>\n<p>Juntando todos os aumentos financeiros, tivemos mais de 12% de aumento.<\/p>\n<p>O Sindicato j\u00e1 est\u00e1 providenciando o Jornal Olho Vivo com mais informa\u00e7\u00f5es e as tabelas salariais.<\/p>\n<p class=\"wpf_wrapper\"><a class=\"print_link\" href=\"\" target=\"_blank\">Preparar para impress\u00e3o<\/a><\/p><!-- .wpf_wrapper -->","protected":false},"excerpt":{"rendered":"<p>\u00a0[metaslider id=3850] A greve de tr\u00eas dias dos vigilantes teve resultado positivo para a categoria. Bras\u00edlia mais uma vez parou.&hellip; <\/p>\n","protected":false},"author":1,"featured_media":0,"comment_status":"closed","ping_status":"closed","sticky":false,"template":"","format":"standard","meta":{"footnotes":""},"categories":[7],"tags":[],"class_list":["post-3849","post","type-post","status-publish","format-standard","hentry","category-noticias"],"jetpack_featured_media_url":"","_links":{"self":[{"href":"https:\/\/sindesvdf.com.br\/news\/wp-json\/wp\/v2\/posts\/3849","targetHints":{"allow":["GET"]}}],"collection":[{"href":"https:\/\/sindesvdf.com.br\/news\/wp-json\/wp\/v2\/posts"}],"about":[{"href":"https:\/\/sindesvdf.com.br\/news\/wp-json\/wp\/v2\/types\/post"}],"author":[{"embeddable":true,"href":"https:\/\/sindesvdf.com.br\/news\/wp-json\/wp\/v2\/users\/1"}],"replies":[{"embeddable":true,"href":"https:\/\/sindesvdf.com.br\/news\/wp-json\/wp\/v2\/comments?post=3849"}],"version-history":[{"count":3,"href":"https:\/\/sindesvdf.com.br\/news\/wp-json\/wp\/v2\/posts\/3849\/revisions"}],"predecessor-version":[{"id":3864,"href":"https:\/\/sindesvdf.com.br\/news\/wp-json\/wp\/v2\/posts\/3849\/revisions\/3864"}],"wp:attachment":[{"href":"https:\/\/sindesvdf.com.br\/news\/wp-json\/wp\/v2\/media?parent=3849"}],"wp:term":[{"taxonomy":"category","embeddable":true,"href":"https:\/\/sindesvdf.com.br\/news\/wp-json\/wp\/v2\/categories?post=3849"},{"taxonomy":"post_tag","embeddable":true,"href":"https:\/\/sindesvdf.com.br\/news\/wp-json\/wp\/v2\/tags?post=3849"}],"curies":[{"name":"wp","href":"https:\/\/api.w.org\/{rel}","templated":true}]}}