{"id":3900,"date":"2015-02-10T14:59:21","date_gmt":"2015-02-10T16:59:21","guid":{"rendered":"http:\/\/sindesvdf.com.br\/news\/?p=3900"},"modified":"2015-02-10T15:05:06","modified_gmt":"2015-02-10T17:05:06","slug":"atencao-vigilantes-da-ipanema","status":"publish","type":"post","link":"https:\/\/sindesvdf.com.br\/news\/atencao-vigilantes-da-ipanema\/","title":{"rendered":"Aten\u00e7\u00e3o Vigilantes da Ipanema&#8230;"},"content":{"rendered":"<h2 style=\"text-align: center;\">\u00a0<strong>&#8230;que prestam servi\u00e7o na<br \/>\n<\/strong><strong>Secretaria de Sa\u00fade do DF.<\/strong><strong><br \/>\n<\/strong><\/h2>\n<p><img loading=\"lazy\" decoding=\"async\" class=\"aligncenter size-full wp-image-3901\" src=\"http:\/\/sindesvdf.com.br\/news\/wp-content\/uploads\/2015\/02\/Greve_Vigilantes_Ipanema.jpg\" alt=\"Greve_Vigilantes_Ipanema\" width=\"483\" height=\"409\" srcset=\"https:\/\/sindesvdf.com.br\/news\/wp-content\/uploads\/2015\/02\/Greve_Vigilantes_Ipanema.jpg 483w, https:\/\/sindesvdf.com.br\/news\/wp-content\/uploads\/2015\/02\/Greve_Vigilantes_Ipanema-300x254.jpg 300w, https:\/\/sindesvdf.com.br\/news\/wp-content\/uploads\/2015\/02\/Greve_Vigilantes_Ipanema-80x68.jpg 80w, https:\/\/sindesvdf.com.br\/news\/wp-content\/uploads\/2015\/02\/Greve_Vigilantes_Ipanema-150x127.jpg 150w\" sizes=\"auto, (max-width: 483px) 100vw, 483px\" \/><\/p>\n<h2 style=\"text-align: center;\"><strong>Se o pagamento n\u00e3o sair at\u00e9 as 18h de<\/strong><br \/>\n<strong>hoje, 10\/02, todos na porta da<\/strong><br \/>\n<strong>Empresa na quarta-feira, dia 11\/02, \u00e0s 07h<\/strong><\/h2>\n<div class=\"text_exposed_show\">\n<p>O Sindicato convoca todos os vigilantes da Ipanema a permanecerem atentos e mobilizados, pois se a Empresa n\u00e3o pagar o sal\u00e1rio at\u00e9 as 18 horas do dia 10\/02 (ter\u00e7a-feira), vamos paralisar as atividades nesta quarta-feira, dia 11\/02, a partir das 7 horas da manh\u00e3.<br \/>\nA paralisa\u00e7\u00e3o ser\u00e1 na porta da Ipanema para cobrar o imediato pagamento dos nossos sal\u00e1rios.<br \/>\nTodas as outras empresas de seguran\u00e7a que prestam servi\u00e7o na\u00a0Secretaria de Sa\u00fade do DF j\u00e1 pagaram, por que s\u00f3 a Ipanema continua descumprindo a Lei e atrasando o pagamento dos sal\u00e1rios e benef\u00edcios de seus funcion\u00e1rios?<\/p>\n<\/div>\n<p class=\"wpf_wrapper\"><a class=\"print_link\" href=\"\" target=\"_blank\">Preparar para impress\u00e3o<\/a><\/p><!-- .wpf_wrapper -->","protected":false},"excerpt":{"rendered":"<p>\u00a0&#8230;que prestam servi\u00e7o na Secretaria de Sa\u00fade do DF. Se o pagamento n\u00e3o sair at\u00e9 as 18h de hoje, 10\/02,&hellip; <\/p>\n","protected":false},"author":1,"featured_media":0,"comment_status":"closed","ping_status":"closed","sticky":false,"template":"","format":"standard","meta":{"footnotes":""},"categories":[7],"tags":[],"class_list":["post-3900","post","type-post","status-publish","format-standard","hentry","category-noticias"],"jetpack_featured_media_url":"","_links":{"self":[{"href":"https:\/\/sindesvdf.com.br\/news\/wp-json\/wp\/v2\/posts\/3900","targetHints":{"allow":["GET"]}}],"collection":[{"href":"https:\/\/sindesvdf.com.br\/news\/wp-json\/wp\/v2\/posts"}],"about":[{"href":"https:\/\/sindesvdf.com.br\/news\/wp-json\/wp\/v2\/types\/post"}],"author":[{"embeddable":true,"href":"https:\/\/sindesvdf.com.br\/news\/wp-json\/wp\/v2\/users\/1"}],"replies":[{"embeddable":true,"href":"https:\/\/sindesvdf.com.br\/news\/wp-json\/wp\/v2\/comments?post=3900"}],"version-history":[{"count":3,"href":"https:\/\/sindesvdf.com.br\/news\/wp-json\/wp\/v2\/posts\/3900\/revisions"}],"predecessor-version":[{"id":3905,"href":"https:\/\/sindesvdf.com.br\/news\/wp-json\/wp\/v2\/posts\/3900\/revisions\/3905"}],"wp:attachment":[{"href":"https:\/\/sindesvdf.com.br\/news\/wp-json\/wp\/v2\/media?parent=3900"}],"wp:term":[{"taxonomy":"category","embeddable":true,"href":"https:\/\/sindesvdf.com.br\/news\/wp-json\/wp\/v2\/categories?post=3900"},{"taxonomy":"post_tag","embeddable":true,"href":"https:\/\/sindesvdf.com.br\/news\/wp-json\/wp\/v2\/tags?post=3900"}],"curies":[{"name":"wp","href":"https:\/\/api.w.org\/{rel}","templated":true}]}}